{"id":8485,"date":"2021-08-10T13:40:04","date_gmt":"2021-08-10T11:40:04","guid":{"rendered":"https:\/\/www.geh8.de\/?p=8485"},"modified":"2021-09-30T14:04:36","modified_gmt":"2021-09-30T12:04:36","slug":"rueckblick-ourspace-sommercamp-n-1","status":"publish","type":"post","link":"https:\/\/www.geh8.de\/en\/rueckblick-ourspace-sommercamp-n-1\/","title":{"rendered":"REVIEW OURSPACE SUMMER CAMP N\u00b0 1"},"content":{"rendered":"<p><strong>From July 26 to July 30, OURSPACE SUMMER CAMP N\u00b0 1 was all about being creative and working together!<\/strong><\/p>\n<p>A wasteland in Dresden became the site of the Republic of Eye. Its democratically established constitutional principles were creativity, neutrality and friendliness and applied to all who entered the camp. As befits a republic, all participants received a passport that had to be shown upon entering the camp in the morning. Also a flag could not be missing, which was already recognizable from a distance! The principles were handwritten in the constitution and the constitutional scroll got its permanent place at the central square of the republic.<\/p>\n<p><strong>This was made possible by Frei.Raum.Direkt, a project of the newly created action field GEH8 urban. <a href=\"https:\/\/freiraumdirekt.info\/\"><span>Frei.Raum.Direkt.<\/span><\/a> created the content-related and spatial conditions to which we could congenially dock with OurSpace &#8211; in the context of our commitment to the cultural education of children and young people.<\/strong><\/p>\n<p>Despite the hot temperatures on the wasteland, we sawed, screwed, glued, sprayed and built for all it was worth. Under the guidance of our mentors Andr\u00e9 Tempel and Christian R\u00e4tsch, as well as our guest Miodrag Ku\u010d from ZK\/U Berlin (Center for Art and Urbanism), everything available on the site was used. Old cover plates of the railroad tracks became signposts for the camp. An old chair without a seat or back was transformed into a functional design object using sticks and foam. This could be found together with a self-built matching table in the Art Space with other art objects. Shards and other objects were declared an archaeological institute, whose origin and function could only be guessed at.<\/p>\n<p>The purple-green installation by the architect and artist collective Umschichten from Stuttgart offered ample possibilities for expansion and restructuring. A wooden board became a blackboard and served as an overview for upcoming dates as well as an archive for past events on the wasteland. It could be populated with new program items by everyone at any time. The colored wooden beams were used for other larger projects. The participants built a bridge with a viewing platform with a lot of physical effort. This created a connection between the camp and the covered part on the wasteland, which is often used for sports activities with boards and rollers. From the remaining beams and slabs it was possible to build an outpost between trees in the shade. This was also urgently needed to escape the hot midday sun.<\/p>\n<p>On the last day of Summer Camp N\u00b0 1, parents and friends came to visit and get to know the Republic of Eye. What was built and erected during the camp week? With a big tour over the area and a sporty interlude, which was exercised with wooden beams on the huge open space, the projects could be marveled at and tested. Finally, a cozy exchange was possible at the barbecue, which let a week full of creativity and physical effort quietly come to an end. Everyone looked back on these days with a lot of joy and pride and is looking forward to the two upcoming camp weeks from <strong>August 16 &#8211; 20 &#038; August 23 &#8211; 27.<\/strong><\/p>\n<figure id=\"attachment_8487\" style=\"width: 1024px\"  class=\"wp-caption alignnone\"><img loading=\"lazy\" decoding=\"async\" class=\"wp-image-8487 size-large\" src=\"https:\/\/www.geh8.de\/page\/wp-content\/uploads\/2021\/08\/OURSPACE-MIO-ANDRE-WALESKA-2531-1024x683.jpg\" alt=\"Pass der Republic of Eye\" width=\"1024\" height=\"683\" srcset=\"https:\/\/www.geh8.de\/page\/wp-content\/uploads\/2021\/08\/OURSPACE-MIO-ANDRE-WALESKA-2531-1024x683.jpg 1024w, https:\/\/www.geh8.de\/page\/wp-content\/uploads\/2021\/08\/OURSPACE-MIO-ANDRE-WALESKA-2531-100x67.jpg 100w, https:\/\/www.geh8.de\/page\/wp-content\/uploads\/2021\/08\/OURSPACE-MIO-ANDRE-WALESKA-2531-80x53.jpg 80w, https:\/\/www.geh8.de\/page\/wp-content\/uploads\/2021\/08\/OURSPACE-MIO-ANDRE-WALESKA-2531-768x512.jpg 768w, https:\/\/www.geh8.de\/page\/wp-content\/uploads\/2021\/08\/OURSPACE-MIO-ANDRE-WALESKA-2531-1536x1024.jpg 1536w, https:\/\/www.geh8.de\/page\/wp-content\/uploads\/2021\/08\/OURSPACE-MIO-ANDRE-WALESKA-2531-2048x1365.jpg 2048w, https:\/\/www.geh8.de\/page\/wp-content\/uploads\/2021\/08\/OURSPACE-MIO-ANDRE-WALESKA-2531-1280x853.jpg 1280w\" sizes=\"(max-width: 1024px) 100vw, 1024px\" \/><figcaption class=\"wp-caption-text\">Passport Republic of Eye<\/figcaption><\/figure>\n<p>&nbsp;<\/p>\n<figure id=\"attachment_8488\" style=\"width: 1024px\"  class=\"wp-caption alignnone\"><img loading=\"lazy\" decoding=\"async\" class=\"wp-image-8488 size-large\" src=\"https:\/\/www.geh8.de\/page\/wp-content\/uploads\/2021\/08\/OURSPACE-MIO-ANDRE-WALESKA-2645-1-1024x683.jpg\" alt=\"Republic of Eye - Platz auf einer Brache in Dresden\" width=\"1024\" height=\"683\" srcset=\"https:\/\/www.geh8.de\/page\/wp-content\/uploads\/2021\/08\/OURSPACE-MIO-ANDRE-WALESKA-2645-1-1024x683.jpg 1024w, https:\/\/www.geh8.de\/page\/wp-content\/uploads\/2021\/08\/OURSPACE-MIO-ANDRE-WALESKA-2645-1-100x67.jpg 100w, https:\/\/www.geh8.de\/page\/wp-content\/uploads\/2021\/08\/OURSPACE-MIO-ANDRE-WALESKA-2645-1-80x53.jpg 80w, https:\/\/www.geh8.de\/page\/wp-content\/uploads\/2021\/08\/OURSPACE-MIO-ANDRE-WALESKA-2645-1-768x512.jpg 768w, https:\/\/www.geh8.de\/page\/wp-content\/uploads\/2021\/08\/OURSPACE-MIO-ANDRE-WALESKA-2645-1-1536x1024.jpg 1536w, https:\/\/www.geh8.de\/page\/wp-content\/uploads\/2021\/08\/OURSPACE-MIO-ANDRE-WALESKA-2645-1-2048x1365.jpg 2048w, https:\/\/www.geh8.de\/page\/wp-content\/uploads\/2021\/08\/OURSPACE-MIO-ANDRE-WALESKA-2645-1-1280x853.jpg 1280w\" sizes=\"(max-width: 1024px) 100vw, 1024px\" \/><figcaption class=\"wp-caption-text\">Republic of Eye &#8211; Place on a Wasteland in Dresden<\/figcaption><\/figure>\n<p>&nbsp;<\/p>\n<figure id=\"attachment_8489\" style=\"width: 1024px\"  class=\"wp-caption alignnone\"><img loading=\"lazy\" decoding=\"async\" class=\"wp-image-8489 size-large\" src=\"https:\/\/www.geh8.de\/page\/wp-content\/uploads\/2021\/08\/OURSPACE-MIO-ANDRE-WALESKA-2839-1024x1024.jpg\" alt=\"Bauteam Br\u00fcckenbau der Republic of Eye\" width=\"1024\" height=\"1024\" srcset=\"https:\/\/www.geh8.de\/page\/wp-content\/uploads\/2021\/08\/OURSPACE-MIO-ANDRE-WALESKA-2839-1024x1024.jpg 1024w, https:\/\/www.geh8.de\/page\/wp-content\/uploads\/2021\/08\/OURSPACE-MIO-ANDRE-WALESKA-2839-100x100.jpg 100w, https:\/\/www.geh8.de\/page\/wp-content\/uploads\/2021\/08\/OURSPACE-MIO-ANDRE-WALESKA-2839-80x80.jpg 80w, https:\/\/www.geh8.de\/page\/wp-content\/uploads\/2021\/08\/OURSPACE-MIO-ANDRE-WALESKA-2839-768x768.jpg 768w, https:\/\/www.geh8.de\/page\/wp-content\/uploads\/2021\/08\/OURSPACE-MIO-ANDRE-WALESKA-2839-1536x1536.jpg 1536w, https:\/\/www.geh8.de\/page\/wp-content\/uploads\/2021\/08\/OURSPACE-MIO-ANDRE-WALESKA-2839-2048x2048.jpg 2048w, https:\/\/www.geh8.de\/page\/wp-content\/uploads\/2021\/08\/OURSPACE-MIO-ANDRE-WALESKA-2839-323x323.jpg 323w, https:\/\/www.geh8.de\/page\/wp-content\/uploads\/2021\/08\/OURSPACE-MIO-ANDRE-WALESKA-2839-288x288.jpg 288w, https:\/\/www.geh8.de\/page\/wp-content\/uploads\/2021\/08\/OURSPACE-MIO-ANDRE-WALESKA-2839-214x214.jpg 214w, https:\/\/www.geh8.de\/page\/wp-content\/uploads\/2021\/08\/OURSPACE-MIO-ANDRE-WALESKA-2839-120x120.jpg 120w\" sizes=\"(max-width: 1024px) 100vw, 1024px\" \/><figcaption class=\"wp-caption-text\">Building-Team &#8220;Bridge-Building&#8221;<\/figcaption><\/figure>\n<p>&nbsp;<\/p>\n<figure id=\"attachment_8490\" style=\"width: 1024px\"  class=\"wp-caption alignnone\"><img loading=\"lazy\" decoding=\"async\" class=\"wp-image-8490 size-large\" src=\"https:\/\/www.geh8.de\/page\/wp-content\/uploads\/2021\/08\/OURSPACE-MIO-ANDRE-WALESKA-2860-1024x683.png\" alt=\"Teilnehmer\/-innen und Mentoren des OURSPACE Sommercamps NO\u00b0 1\" width=\"1024\" height=\"683\" srcset=\"https:\/\/www.geh8.de\/page\/wp-content\/uploads\/2021\/08\/OURSPACE-MIO-ANDRE-WALESKA-2860-1024x683.png 1024w, https:\/\/www.geh8.de\/page\/wp-content\/uploads\/2021\/08\/OURSPACE-MIO-ANDRE-WALESKA-2860-100x67.png 100w, https:\/\/www.geh8.de\/page\/wp-content\/uploads\/2021\/08\/OURSPACE-MIO-ANDRE-WALESKA-2860-80x53.png 80w, https:\/\/www.geh8.de\/page\/wp-content\/uploads\/2021\/08\/OURSPACE-MIO-ANDRE-WALESKA-2860-768x512.png 768w, https:\/\/www.geh8.de\/page\/wp-content\/uploads\/2021\/08\/OURSPACE-MIO-ANDRE-WALESKA-2860-1536x1024.png 1536w, https:\/\/www.geh8.de\/page\/wp-content\/uploads\/2021\/08\/OURSPACE-MIO-ANDRE-WALESKA-2860-2048x1365.png 2048w, https:\/\/www.geh8.de\/page\/wp-content\/uploads\/2021\/08\/OURSPACE-MIO-ANDRE-WALESKA-2860-1280x853.png 1280w\" sizes=\"(max-width: 1024px) 100vw, 1024px\" \/><figcaption class=\"wp-caption-text\">Participants and mentors of OURSPACE Summer Camp NO\u00b0 1<\/figcaption><\/figure>\n<p>&nbsp;<\/p>\n<figure id=\"attachment_8491\" style=\"width: 1024px\"  class=\"wp-caption alignnone\"><img loading=\"lazy\" decoding=\"async\" class=\"wp-image-8491 size-large\" src=\"https:\/\/www.geh8.de\/page\/wp-content\/uploads\/2021\/08\/OURSPACE-BEGEHUNG-REPUBLICEYE-WALESKA-2981-1024x683.jpg\" alt=\"Eine abschlie\u00dfende sportliche Runde am letzten Tag des Camps mit Eltern und Freund\/-innen\" width=\"1024\" height=\"683\" srcset=\"https:\/\/www.geh8.de\/page\/wp-content\/uploads\/2021\/08\/OURSPACE-BEGEHUNG-REPUBLICEYE-WALESKA-2981-1024x683.jpg 1024w, https:\/\/www.geh8.de\/page\/wp-content\/uploads\/2021\/08\/OURSPACE-BEGEHUNG-REPUBLICEYE-WALESKA-2981-100x67.jpg 100w, https:\/\/www.geh8.de\/page\/wp-content\/uploads\/2021\/08\/OURSPACE-BEGEHUNG-REPUBLICEYE-WALESKA-2981-80x53.jpg 80w, https:\/\/www.geh8.de\/page\/wp-content\/uploads\/2021\/08\/OURSPACE-BEGEHUNG-REPUBLICEYE-WALESKA-2981-768x512.jpg 768w, https:\/\/www.geh8.de\/page\/wp-content\/uploads\/2021\/08\/OURSPACE-BEGEHUNG-REPUBLICEYE-WALESKA-2981-1536x1024.jpg 1536w, https:\/\/www.geh8.de\/page\/wp-content\/uploads\/2021\/08\/OURSPACE-BEGEHUNG-REPUBLICEYE-WALESKA-2981-2048x1365.jpg 2048w, https:\/\/www.geh8.de\/page\/wp-content\/uploads\/2021\/08\/OURSPACE-BEGEHUNG-REPUBLICEYE-WALESKA-2981-1280x853.jpg 1280w\" sizes=\"(max-width: 1024px) 100vw, 1024px\" \/><figcaption class=\"wp-caption-text\">A final sporting round on the last day of the camp with parents and friends<\/figcaption><\/figure>\n<p><strong>Pictures:<\/strong> Ronny Waleska<strong><br \/>\n<\/strong><\/p>\n<p><em>This measure is co-financed by tax funds on the basis of the budget passed by the Saxon state parliament. Funded by the European Social Fund ESF under the name ,,Sch\u00fcler ins Atelier.&#8221;<\/em><\/p>\n<div class=\"shariff shariff-align-center shariff-widget-align-center\"><ul class=\"shariff-buttons theme-default orientation-horizontal buttonsize-medium\"><li class=\"shariff-button whatsapp shariff-nocustomcolor\" style=\"background-color:#5cbe4a\"><a href=\"https:\/\/api.whatsapp.com\/send?text=https%3A%2F%2Fwww.geh8.de%2Fen%2Frueckblick-ourspace-sommercamp-n-1%2F%20REVIEW%20OURSPACE%20SUMMER%20CAMP%20N%C2%B0%201\" title=\"Bei Whatsapp teilen\" aria-label=\"Bei Whatsapp teilen\" role=\"button\" rel=\"noopener nofollow\" class=\"shariff-link\" style=\"; background-color:#34af23; color:#fff\" target=\"_blank\"><span class=\"shariff-icon\" style=\"\"><svg width=\"32px\" height=\"20px\" xmlns=\"http:\/\/www.w3.org\/2000\/svg\" viewBox=\"0 0 32 32\"><path fill=\"#34af23\" d=\"M17.6 17.4q0.2 0 1.7 0.8t1.6 0.9q0 0.1 0 0.3 0 0.6-0.3 1.4-0.3 0.7-1.3 1.2t-1.8 0.5q-1 0-3.4-1.1-1.7-0.8-3-2.1t-2.6-3.3q-1.3-1.9-1.3-3.5v-0.1q0.1-1.6 1.3-2.8 0.4-0.4 0.9-0.4 0.1 0 0.3 0t0.3 0q0.3 0 0.5 0.1t0.3 0.5q0.1 0.4 0.6 1.6t0.4 1.3q0 0.4-0.6 1t-0.6 0.8q0 0.1 0.1 0.3 0.6 1.3 1.8 2.4 1 0.9 2.7 1.8 0.2 0.1 0.4 0.1 0.3 0 1-0.9t0.9-0.9zM14 26.9q2.3 0 4.3-0.9t3.6-2.4 2.4-3.6 0.9-4.3-0.9-4.3-2.4-3.6-3.6-2.4-4.3-0.9-4.3 0.9-3.6 2.4-2.4 3.6-0.9 4.3q0 3.6 2.1 6.6l-1.4 4.2 4.3-1.4q2.8 1.9 6.2 1.9zM14 2.2q2.7 0 5.2 1.1t4.3 2.9 2.9 4.3 1.1 5.2-1.1 5.2-2.9 4.3-4.3 2.9-5.2 1.1q-3.5 0-6.5-1.7l-7.4 2.4 2.4-7.2q-1.9-3.2-1.9-6.9 0-2.7 1.1-5.2t2.9-4.3 4.3-2.9 5.2-1.1z\"\/><\/svg><\/span><span class=\"shariff-text\">teilen<\/span>&nbsp;<\/a><\/li><li class=\"shariff-button telegram shariff-nocustomcolor\" style=\"background-color:#4084A6\"><a href=\"https:\/\/telegram.me\/share\/url?url=https%3A%2F%2Fwww.geh8.de%2Fen%2Frueckblick-ourspace-sommercamp-n-1%2F&text=REVIEW%20OURSPACE%20SUMMER%20CAMP%20N%C2%B0%201\" title=\"Bei Telegram teilen\" aria-label=\"Bei Telegram teilen\" role=\"button\" rel=\"noopener nofollow\" class=\"shariff-link\" style=\"; background-color:#0088cc; color:#fff\" target=\"_blank\"><span class=\"shariff-icon\" style=\"\"><svg width=\"32px\" height=\"20px\" xmlns=\"http:\/\/www.w3.org\/2000\/svg\" viewBox=\"0 0 32 32\"><path fill=\"#0088cc\" d=\"M30.8 6.5l-4.5 21.4c-.3 1.5-1.2 1.9-2.5 1.2L16.9 24l-3.3 3.2c-.4.4-.7.7-1.4.7l.5-7L25.5 9.2c.6-.5-.1-.8-.9-.3l-15.8 10L2 16.7c-1.5-.5-1.5-1.5.3-2.2L28.9 4.3c1.3-.5 2.3.3 1.9 2.2z\"\/><\/svg><\/span><span class=\"shariff-text\">teilen<\/span>&nbsp;<\/a><\/li><li class=\"shariff-button facebook shariff-nocustomcolor\" style=\"background-color:#4273c8\"><a href=\"https:\/\/www.facebook.com\/sharer\/sharer.php?u=https%3A%2F%2Fwww.geh8.de%2Fen%2Frueckblick-ourspace-sommercamp-n-1%2F\" title=\"Bei Facebook teilen\" aria-label=\"Bei Facebook teilen\" role=\"button\" rel=\"nofollow\" class=\"shariff-link\" style=\"; background-color:#3b5998; color:#fff\" target=\"_blank\"><span class=\"shariff-icon\" style=\"\"><svg width=\"32px\" height=\"20px\" xmlns=\"http:\/\/www.w3.org\/2000\/svg\" viewBox=\"0 0 18 32\"><path fill=\"#3b5998\" d=\"M17.1 0.2v4.7h-2.8q-1.5 0-2.1 0.6t-0.5 1.9v3.4h5.2l-0.7 5.3h-4.5v13.6h-5.5v-13.6h-4.5v-5.3h4.5v-3.9q0-3.3 1.9-5.2t5-1.8q2.6 0 4.1 0.2z\"\/><\/svg><\/span><span class=\"shariff-text\">teilen<\/span>&nbsp;<\/a><\/li><li class=\"shariff-button mailto shariff-nocustomcolor\" style=\"background-color:#a8a8a8\"><a href=\"mailto:?body=https%3A%2F%2Fwww.geh8.de%2Fen%2Frueckblick-ourspace-sommercamp-n-1%2F&subject=REVIEW%20OURSPACE%20SUMMER%20CAMP%20N%C2%B0%201\" title=\"Per E-Mail versenden\" aria-label=\"Per E-Mail versenden\" role=\"button\" rel=\"noopener nofollow\" class=\"shariff-link\" style=\"; background-color:#999; color:#fff\"><span class=\"shariff-icon\" style=\"\"><svg width=\"32px\" height=\"20px\" xmlns=\"http:\/\/www.w3.org\/2000\/svg\" viewBox=\"0 0 32 32\"><path fill=\"#999\" d=\"M32 12.7v14.2q0 1.2-0.8 2t-2 0.9h-26.3q-1.2 0-2-0.9t-0.8-2v-14.2q0.8 0.9 1.8 1.6 6.5 4.4 8.9 6.1 1 0.8 1.6 1.2t1.7 0.9 2 0.4h0.1q0.9 0 2-0.4t1.7-0.9 1.6-1.2q3-2.2 8.9-6.1 1-0.7 1.8-1.6zM32 7.4q0 1.4-0.9 2.7t-2.2 2.2q-6.7 4.7-8.4 5.8-0.2 0.1-0.7 0.5t-1 0.7-0.9 0.6-1.1 0.5-0.9 0.2h-0.1q-0.4 0-0.9-0.2t-1.1-0.5-0.9-0.6-1-0.7-0.7-0.5q-1.6-1.1-4.7-3.2t-3.6-2.6q-1.1-0.7-2.1-2t-1-2.5q0-1.4 0.7-2.3t2.1-0.9h26.3q1.2 0 2 0.8t0.9 2z\"\/><\/svg><\/span><span class=\"shariff-text\">E-Mail<\/span>&nbsp;<\/a><\/li><\/ul><\/div>","protected":false},"excerpt":{"rendered":"<p>From July 26 to July 30, OURSPACE SUMMER CAMP N\u00b0 1 was all about being [&hellip;]<\/p>\n","protected":false},"author":19,"featured_media":8486,"comment_status":"open","ping_status":"open","sticky":false,"template":"","format":[27],"meta":{"_acf_changed":false,"ngg_post_thumbnail":0,"footnotes":""},"categories":[15],"tags":[],"acf":[],"yoast_head":"<!-- This site is optimized with the Yoast SEO plugin v23.0 - https:\/\/yoast.com\/wordpress\/plugins\/seo\/ -->\n<title>REVIEW OURSPACE SUMMER CAMP N\u00b0 1 - GEH8 Kunst Raum Ateliers gUG | Dresden<\/title>\n<meta name=\"robots\" content=\"index, follow, max-snippet:-1, max-image-preview:large, max-video-preview:-1\" \/>\n<link rel=\"canonical\" href=\"https:\/\/www.geh8.de\/rueckblick-ourspace-sommercamp-n-1\/\" \/>\n<meta property=\"og:locale\" content=\"en_GB\" \/>\n<meta property=\"og:locale:alternate\" content=\"de_DE\" \/>\n<meta property=\"og:type\" content=\"article\" \/>\n<meta property=\"og:title\" content=\"REVIEW OURSPACE SUMMER CAMP N\u00b0 1\" \/>\n<meta property=\"og:description\" content=\"From July 26 to July 30, OURSPACE SUMMER CAMP N\u00b0 1 was all about being [&hellip;]\" \/>\n<meta property=\"og:url\" content=\"https:\/\/www.geh8.de\/en\/rueckblick-ourspace-sommercamp-n-1\/\" \/>\n<meta property=\"og:site_name\" content=\"GEH8 Kunst Raum Ateliers gUG | Dresden\" \/>\n<meta property=\"article:publisher\" content=\"https:\/\/www.facebook.com\/Geh8Kunstraum\/\" \/>\n<meta property=\"article:published_time\" content=\"2021-08-10T11:40:04+00:00\" \/>\n<meta property=\"article:modified_time\" content=\"2021-09-30T12:04:36+00:00\" \/>\n<meta property=\"og:image\" content=\"https:\/\/www.geh8.de\/page\/wp-content\/uploads\/2021\/08\/OURSPACE-MIO-ANDRE-WALESKA-2645-scaled.jpg\" \/>\n\t<meta property=\"og:image:width\" content=\"2560\" \/>\n\t<meta property=\"og:image:height\" content=\"1707\" \/>\n\t<meta property=\"og:image:type\" content=\"image\/jpeg\" \/>\n<meta name=\"author\" content=\"Tiziana Foit\" \/>\n<meta name=\"twitter:card\" content=\"summary_large_image\" \/>\n<meta name=\"twitter:label1\" content=\"Written by\" \/>\n\t<meta name=\"twitter:data1\" content=\"Tiziana Foit\" \/>\n\t<meta name=\"twitter:label2\" content=\"Estimated reading time\" \/>\n\t<meta name=\"twitter:data2\" content=\"4 minutes\" \/>\n<script type=\"application\/ld+json\" class=\"yoast-schema-graph\">{\"@context\":\"https:\/\/schema.org\",\"@graph\":[{\"@type\":\"Article\",\"@id\":\"https:\/\/www.geh8.de\/rueckblick-ourspace-sommercamp-n-1\/#article\",\"isPartOf\":{\"@id\":\"https:\/\/www.geh8.de\/rueckblick-ourspace-sommercamp-n-1\/\"},\"author\":{\"name\":\"Tiziana Foit\",\"@id\":\"https:\/\/www.geh8.de\/#\/schema\/person\/4250b9c5c527cedf9dc80637dfcbe537\"},\"headline\":\"REVIEW OURSPACE SUMMER CAMP N\u00b0 1\",\"datePublished\":\"2021-08-10T11:40:04+00:00\",\"dateModified\":\"2021-09-30T12:04:36+00:00\",\"mainEntityOfPage\":{\"@id\":\"https:\/\/www.geh8.de\/rueckblick-ourspace-sommercamp-n-1\/\"},\"wordCount\":1311,\"commentCount\":0,\"publisher\":{\"@id\":\"https:\/\/www.geh8.de\/#organization\"},\"image\":{\"@id\":\"https:\/\/www.geh8.de\/rueckblick-ourspace-sommercamp-n-1\/#primaryimage\"},\"thumbnailUrl\":\"https:\/\/www.geh8.de\/page\/wp-content\/uploads\/2021\/08\/OURSPACE-MIO-ANDRE-WALESKA-2645-scaled.jpg\",\"articleSection\":[\"Workshop\"],\"inLanguage\":\"en-GB\",\"potentialAction\":[{\"@type\":\"CommentAction\",\"name\":\"Comment\",\"target\":[\"https:\/\/www.geh8.de\/rueckblick-ourspace-sommercamp-n-1\/#respond\"]}]},{\"@type\":\"WebPage\",\"@id\":\"https:\/\/www.geh8.de\/rueckblick-ourspace-sommercamp-n-1\/\",\"url\":\"https:\/\/www.geh8.de\/rueckblick-ourspace-sommercamp-n-1\/\",\"name\":\"REVIEW OURSPACE SUMMER CAMP N\u00b0 1\",\"isPartOf\":{\"@id\":\"https:\/\/www.geh8.de\/#website\"},\"primaryImageOfPage\":{\"@id\":\"https:\/\/www.geh8.de\/rueckblick-ourspace-sommercamp-n-1\/#primaryimage\"},\"image\":{\"@id\":\"https:\/\/www.geh8.de\/rueckblick-ourspace-sommercamp-n-1\/#primaryimage\"},\"thumbnailUrl\":\"https:\/\/www.geh8.de\/page\/wp-content\/uploads\/2021\/08\/OURSPACE-MIO-ANDRE-WALESKA-2645-scaled.jpg\",\"datePublished\":\"2021-08-10T11:40:04+00:00\",\"dateModified\":\"2021-09-30T12:04:36+00:00\",\"breadcrumb\":{\"@id\":\"https:\/\/www.geh8.de\/rueckblick-ourspace-sommercamp-n-1\/#breadcrumb\"},\"inLanguage\":\"en-GB\",\"potentialAction\":[{\"@type\":\"ReadAction\",\"target\":[\"https:\/\/www.geh8.de\/rueckblick-ourspace-sommercamp-n-1\/\"]}]},{\"@type\":\"ImageObject\",\"inLanguage\":\"en-GB\",\"@id\":\"https:\/\/www.geh8.de\/rueckblick-ourspace-sommercamp-n-1\/#primaryimage\",\"url\":\"https:\/\/www.geh8.de\/page\/wp-content\/uploads\/2021\/08\/OURSPACE-MIO-ANDRE-WALESKA-2645-scaled.jpg\",\"contentUrl\":\"https:\/\/www.geh8.de\/page\/wp-content\/uploads\/2021\/08\/OURSPACE-MIO-ANDRE-WALESKA-2645-scaled.jpg\",\"width\":2560,\"height\":1707},{\"@type\":\"BreadcrumbList\",\"@id\":\"https:\/\/www.geh8.de\/rueckblick-ourspace-sommercamp-n-1\/#breadcrumb\",\"itemListElement\":[{\"@type\":\"ListItem\",\"position\":1,\"name\":\"Startseite\",\"item\":\"https:\/\/www.geh8.de\/\"},{\"@type\":\"ListItem\",\"position\":2,\"name\":\"R\u00dcCKBLICK OURSPACE SOMMERCAMP N\u00b0 1\"}]},{\"@type\":\"WebSite\",\"@id\":\"https:\/\/www.geh8.de\/#website\",\"url\":\"https:\/\/www.geh8.de\/\",\"name\":\"GEH8 Kunst Raum Ateliers gUG | Dresden\",\"description\":\"Geh8 is a non-profit association in Dresden to foster contemporary art\",\"publisher\":{\"@id\":\"https:\/\/www.geh8.de\/#organization\"},\"potentialAction\":[{\"@type\":\"SearchAction\",\"target\":{\"@type\":\"EntryPoint\",\"urlTemplate\":\"https:\/\/www.geh8.de\/?s={search_term_string}\"},\"query-input\":\"required name=search_term_string\"}],\"inLanguage\":\"en-GB\"},{\"@type\":\"Organization\",\"@id\":\"https:\/\/www.geh8.de\/#organization\",\"name\":\"geh8\",\"url\":\"https:\/\/www.geh8.de\/\",\"logo\":{\"@type\":\"ImageObject\",\"inLanguage\":\"en-GB\",\"@id\":\"https:\/\/www.geh8.de\/#\/schema\/logo\/image\/\",\"url\":\"https:\/\/www.geh8.de\/page\/wp-content\/uploads\/2018\/06\/Logo_GEH8_neu_Icon_sbg.png\",\"contentUrl\":\"https:\/\/www.geh8.de\/page\/wp-content\/uploads\/2018\/06\/Logo_GEH8_neu_Icon_sbg.png\",\"width\":164,\"height\":145,\"caption\":\"geh8\"},\"image\":{\"@id\":\"https:\/\/www.geh8.de\/#\/schema\/logo\/image\/\"},\"sameAs\":[\"https:\/\/www.facebook.com\/Geh8Kunstraum\/\",\"https:\/\/www.instagram.com\/geh8kunstraum\/\"]},{\"@type\":\"Person\",\"@id\":\"https:\/\/www.geh8.de\/#\/schema\/person\/4250b9c5c527cedf9dc80637dfcbe537\",\"name\":\"Tiziana Foit\"}]}<\/script>\n<!-- \/ Yoast SEO plugin. -->","yoast_head_json":{"title":"REVIEW OURSPACE SUMMER CAMP N\u00b0 1 - GEH8 Kunst Raum Ateliers gUG | Dresden","robots":{"index":"index","follow":"follow","max-snippet":"max-snippet:-1","max-image-preview":"max-image-preview:large","max-video-preview":"max-video-preview:-1"},"canonical":"https:\/\/www.geh8.de\/rueckblick-ourspace-sommercamp-n-1\/","og_locale":"en_GB","og_type":"article","og_title":"[:en]REVIEW OURSPACE SUMMER CAMP N\u00b0 1[:de]R\u00dcCKBLICK OURSPACE SOMMERCAMP N\u00b0 1[:] - GEH8 Kunst Raum Ateliers gUG | Dresden","og_description":"From July 26 to July 30, OURSPACE SUMMER CAMP N\u00b0 1 was all about being [&hellip;]","og_url":"https:\/\/www.geh8.de\/en\/rueckblick-ourspace-sommercamp-n-1\/","og_site_name":"GEH8 Kunst Raum Ateliers gUG | Dresden","article_publisher":"https:\/\/www.facebook.com\/Geh8Kunstraum\/","article_published_time":"2021-08-10T11:40:04+00:00","article_modified_time":"2021-09-30T12:04:36+00:00","og_image":[{"width":2560,"height":1707,"url":"https:\/\/www.geh8.de\/page\/wp-content\/uploads\/2021\/08\/OURSPACE-MIO-ANDRE-WALESKA-2645-scaled.jpg","type":"image\/jpeg"}],"author":"Tiziana Foit","twitter_card":"summary_large_image","twitter_misc":{"Written by":"Tiziana Foit","Estimated reading time":"4 minutes"},"schema":{"@context":"https:\/\/schema.org","@graph":[{"@type":"Article","@id":"https:\/\/www.geh8.de\/rueckblick-ourspace-sommercamp-n-1\/#article","isPartOf":{"@id":"https:\/\/www.geh8.de\/rueckblick-ourspace-sommercamp-n-1\/"},"author":{"name":"Tiziana Foit","@id":"https:\/\/www.geh8.de\/#\/schema\/person\/4250b9c5c527cedf9dc80637dfcbe537"},"headline":"REVIEW OURSPACE SUMMER CAMP N\u00b0 1","datePublished":"2021-08-10T11:40:04+00:00","dateModified":"2021-09-30T12:04:36+00:00","mainEntityOfPage":{"@id":"https:\/\/www.geh8.de\/rueckblick-ourspace-sommercamp-n-1\/"},"wordCount":1311,"commentCount":0,"publisher":{"@id":"https:\/\/www.geh8.de\/#organization"},"image":{"@id":"https:\/\/www.geh8.de\/rueckblick-ourspace-sommercamp-n-1\/#primaryimage"},"thumbnailUrl":"https:\/\/www.geh8.de\/page\/wp-content\/uploads\/2021\/08\/OURSPACE-MIO-ANDRE-WALESKA-2645-scaled.jpg","articleSection":["Workshop"],"inLanguage":"en-GB","potentialAction":[{"@type":"CommentAction","name":"Comment","target":["https:\/\/www.geh8.de\/rueckblick-ourspace-sommercamp-n-1\/#respond"]}]},{"@type":"WebPage","@id":"https:\/\/www.geh8.de\/rueckblick-ourspace-sommercamp-n-1\/","url":"https:\/\/www.geh8.de\/rueckblick-ourspace-sommercamp-n-1\/","name":"REVIEW OURSPACE SUMMER CAMP N\u00b0 1","isPartOf":{"@id":"https:\/\/www.geh8.de\/#website"},"primaryImageOfPage":{"@id":"https:\/\/www.geh8.de\/rueckblick-ourspace-sommercamp-n-1\/#primaryimage"},"image":{"@id":"https:\/\/www.geh8.de\/rueckblick-ourspace-sommercamp-n-1\/#primaryimage"},"thumbnailUrl":"https:\/\/www.geh8.de\/page\/wp-content\/uploads\/2021\/08\/OURSPACE-MIO-ANDRE-WALESKA-2645-scaled.jpg","datePublished":"2021-08-10T11:40:04+00:00","dateModified":"2021-09-30T12:04:36+00:00","breadcrumb":{"@id":"https:\/\/www.geh8.de\/rueckblick-ourspace-sommercamp-n-1\/#breadcrumb"},"inLanguage":"en-GB","potentialAction":[{"@type":"ReadAction","target":["https:\/\/www.geh8.de\/rueckblick-ourspace-sommercamp-n-1\/"]}]},{"@type":"ImageObject","inLanguage":"en-GB","@id":"https:\/\/www.geh8.de\/rueckblick-ourspace-sommercamp-n-1\/#primaryimage","url":"https:\/\/www.geh8.de\/page\/wp-content\/uploads\/2021\/08\/OURSPACE-MIO-ANDRE-WALESKA-2645-scaled.jpg","contentUrl":"https:\/\/www.geh8.de\/page\/wp-content\/uploads\/2021\/08\/OURSPACE-MIO-ANDRE-WALESKA-2645-scaled.jpg","width":2560,"height":1707},{"@type":"BreadcrumbList","@id":"https:\/\/www.geh8.de\/rueckblick-ourspace-sommercamp-n-1\/#breadcrumb","itemListElement":[{"@type":"ListItem","position":1,"name":"Startseite","item":"https:\/\/www.geh8.de\/"},{"@type":"ListItem","position":2,"name":"R\u00dcCKBLICK OURSPACE SOMMERCAMP N\u00b0 1"}]},{"@type":"WebSite","@id":"https:\/\/www.geh8.de\/#website","url":"https:\/\/www.geh8.de\/","name":"GEH8 Kunst Raum Ateliers gUG | Dresden","description":"Geh8 is a non-profit association in Dresden to foster contemporary art","publisher":{"@id":"https:\/\/www.geh8.de\/#organization"},"potentialAction":[{"@type":"SearchAction","target":{"@type":"EntryPoint","urlTemplate":"https:\/\/www.geh8.de\/?s={search_term_string}"},"query-input":"required name=search_term_string"}],"inLanguage":"en-GB"},{"@type":"Organization","@id":"https:\/\/www.geh8.de\/#organization","name":"geh8","url":"https:\/\/www.geh8.de\/","logo":{"@type":"ImageObject","inLanguage":"en-GB","@id":"https:\/\/www.geh8.de\/#\/schema\/logo\/image\/","url":"https:\/\/www.geh8.de\/page\/wp-content\/uploads\/2018\/06\/Logo_GEH8_neu_Icon_sbg.png","contentUrl":"https:\/\/www.geh8.de\/page\/wp-content\/uploads\/2018\/06\/Logo_GEH8_neu_Icon_sbg.png","width":164,"height":145,"caption":"geh8"},"image":{"@id":"https:\/\/www.geh8.de\/#\/schema\/logo\/image\/"},"sameAs":["https:\/\/www.facebook.com\/Geh8Kunstraum\/","https:\/\/www.instagram.com\/geh8kunstraum\/"]},{"@type":"Person","@id":"https:\/\/www.geh8.de\/#\/schema\/person\/4250b9c5c527cedf9dc80637dfcbe537","name":"Tiziana Foit"}]}},"_links":{"self":[{"href":"https:\/\/www.geh8.de\/en\/wp-json\/wp\/v2\/posts\/8485"}],"collection":[{"href":"https:\/\/www.geh8.de\/en\/wp-json\/wp\/v2\/posts"}],"about":[{"href":"https:\/\/www.geh8.de\/en\/wp-json\/wp\/v2\/types\/post"}],"author":[{"embeddable":true,"href":"https:\/\/www.geh8.de\/en\/wp-json\/wp\/v2\/users\/19"}],"replies":[{"embeddable":true,"href":"https:\/\/www.geh8.de\/en\/wp-json\/wp\/v2\/comments?post=8485"}],"version-history":[{"count":0,"href":"https:\/\/www.geh8.de\/en\/wp-json\/wp\/v2\/posts\/8485\/revisions"}],"wp:featuredmedia":[{"embeddable":true,"href":"https:\/\/www.geh8.de\/en\/wp-json\/wp\/v2\/media\/8486"}],"wp:attachment":[{"href":"https:\/\/www.geh8.de\/en\/wp-json\/wp\/v2\/media?parent=8485"}],"wp:term":[{"taxonomy":"category","embeddable":true,"href":"https:\/\/www.geh8.de\/en\/wp-json\/wp\/v2\/categories?post=8485"},{"taxonomy":"post_tag","embeddable":true,"href":"https:\/\/www.geh8.de\/en\/wp-json\/wp\/v2\/tags?post=8485"},{"taxonomy":"format","embeddable":true,"href":"https:\/\/www.geh8.de\/en\/wp-json\/wp\/v2\/format?post=8485"}],"curies":[{"name":"wp","href":"https:\/\/api.w.org\/{rel}","templated":true}]}}