{"id":8206,"date":"2021-06-12T20:49:06","date_gmt":"2021-06-12T18:49:06","guid":{"rendered":"https:\/\/www.geh8.de\/?p=8206"},"modified":"2022-05-13T11:52:21","modified_gmt":"2022-05-13T09:52:21","slug":"kunst-raum-konzerte-praesentieren-olicia-trifft-mdura","status":"publish","type":"post","link":"https:\/\/www.geh8.de\/en\/kunst-raum-konzerte-praesentieren-olicia-trifft-mdura\/","title":{"rendered":"Kunst.Raum.Konzerte present: Olic\u00eda trifft mDura"},"content":{"rendered":"<p>The <strong>Kunst.Raum.Konzerte<\/strong> offer a platform for the fusion of sound-, image- and space-based arts. In the process, music is always joined by another art form. Each band develops &#8211; in addition to playing their own pieces &#8211; a composition in real time together with the audience.<\/p>\n<p><strong>OLIC\u00cdA<\/strong><\/p>\n<p>Olic\u00eda is a band with two strong women who are constantly searching for new ideas with their music. The band project of the two multi-instrumentalists Anna-Lucia Rupp and Fama M&#8217;Boup creates a completely unique sound cosmos. Everything that can be heard on stage is created in the moment, nothing is pre-produced. At a time when stylistic boundaries are breaking down more and more, Olic\u00eda places itself in the specially founded genre of &#8220;electronic handmade loopjazz&#8221;.<\/p>\n<p><strong>mDura<\/strong><\/p>\n<p>DURA is an interdisciplinary media and installation artist. In her works she combines sculptural pieces, installations and sounds with performance and video. Through the use of sculptural elements and finely balanced actions, she creates atmospheric sceneries, multi-layered sensory impressions and associative possibilities. Her works explore the effects of sound, space and form aesthetics in 3D animation, objects and performances.<\/p>\n<p><strong>When:<\/strong> 22.7.2021<br \/>\n<strong>Start:<\/strong> 8 pm<\/p>\n<p><strong>Where:<\/strong> GEH8 art space<br \/>\n&nbsp;&nbsp;&nbsp;&nbsp;&nbsp;&nbsp;&nbsp;&nbsp;&nbsp;&nbsp;&nbsp;&nbsp; Gehestrasse 8<br \/>\n&nbsp;&nbsp;&nbsp;&nbsp;&nbsp;&nbsp;&nbsp;&nbsp;&nbsp;&nbsp;&nbsp;&nbsp; 01127 Dresden<\/p>\n<p><strong>VA-Location:<\/strong> GEH8 Art Space<br \/>\n<strong>VVK:<\/strong> 10\u20ac \/ reduced 7\u20ac + VVK fees<\/p>\n<p>Reduced: Pupils\/students\/trainees, Dresden Pass holders, severely handicapped ID card<\/p>\n<p><a href=\"https:\/\/www.konzertkasse-dresden.de\/event\/olicia-trifft-mdura-dresden-geh8-kunstraum-und-ateliers-e-v-2021-tickets-50634.html\"><span>Buy tickets here<\/span><\/a><\/p>\n<div class=\"shariff shariff-align-center shariff-widget-align-center\"><ul class=\"shariff-buttons theme-default orientation-horizontal buttonsize-medium\"><li class=\"shariff-button whatsapp shariff-nocustomcolor\" style=\"background-color:#5cbe4a\"><a href=\"https:\/\/api.whatsapp.com\/send?text=https%3A%2F%2Fwww.geh8.de%2Fen%2Fkunst-raum-konzerte-praesentieren-olicia-trifft-mdura%2F%20Kunst.Raum.Konzerte%20present%3A%20Olic%C3%ADa%20trifft%20mDura\" title=\"Bei Whatsapp teilen\" aria-label=\"Bei Whatsapp teilen\" role=\"button\" rel=\"noopener nofollow\" class=\"shariff-link\" style=\"; background-color:#34af23; color:#fff\" target=\"_blank\"><span class=\"shariff-icon\" style=\"\"><svg width=\"32px\" height=\"20px\" xmlns=\"http:\/\/www.w3.org\/2000\/svg\" viewBox=\"0 0 32 32\"><path fill=\"#34af23\" d=\"M17.6 17.4q0.2 0 1.7 0.8t1.6 0.9q0 0.1 0 0.3 0 0.6-0.3 1.4-0.3 0.7-1.3 1.2t-1.8 0.5q-1 0-3.4-1.1-1.7-0.8-3-2.1t-2.6-3.3q-1.3-1.9-1.3-3.5v-0.1q0.1-1.6 1.3-2.8 0.4-0.4 0.9-0.4 0.1 0 0.3 0t0.3 0q0.3 0 0.5 0.1t0.3 0.5q0.1 0.4 0.6 1.6t0.4 1.3q0 0.4-0.6 1t-0.6 0.8q0 0.1 0.1 0.3 0.6 1.3 1.8 2.4 1 0.9 2.7 1.8 0.2 0.1 0.4 0.1 0.3 0 1-0.9t0.9-0.9zM14 26.9q2.3 0 4.3-0.9t3.6-2.4 2.4-3.6 0.9-4.3-0.9-4.3-2.4-3.6-3.6-2.4-4.3-0.9-4.3 0.9-3.6 2.4-2.4 3.6-0.9 4.3q0 3.6 2.1 6.6l-1.4 4.2 4.3-1.4q2.8 1.9 6.2 1.9zM14 2.2q2.7 0 5.2 1.1t4.3 2.9 2.9 4.3 1.1 5.2-1.1 5.2-2.9 4.3-4.3 2.9-5.2 1.1q-3.5 0-6.5-1.7l-7.4 2.4 2.4-7.2q-1.9-3.2-1.9-6.9 0-2.7 1.1-5.2t2.9-4.3 4.3-2.9 5.2-1.1z\"\/><\/svg><\/span><span class=\"shariff-text\">teilen<\/span>&nbsp;<\/a><\/li><li class=\"shariff-button telegram shariff-nocustomcolor\" style=\"background-color:#4084A6\"><a href=\"https:\/\/telegram.me\/share\/url?url=https%3A%2F%2Fwww.geh8.de%2Fen%2Fkunst-raum-konzerte-praesentieren-olicia-trifft-mdura%2F&text=Kunst.Raum.Konzerte%20present%3A%20Olic%C3%ADa%20trifft%20mDura\" title=\"Bei Telegram teilen\" aria-label=\"Bei Telegram teilen\" role=\"button\" rel=\"noopener nofollow\" class=\"shariff-link\" style=\"; background-color:#0088cc; color:#fff\" target=\"_blank\"><span class=\"shariff-icon\" style=\"\"><svg width=\"32px\" height=\"20px\" xmlns=\"http:\/\/www.w3.org\/2000\/svg\" viewBox=\"0 0 32 32\"><path fill=\"#0088cc\" d=\"M30.8 6.5l-4.5 21.4c-.3 1.5-1.2 1.9-2.5 1.2L16.9 24l-3.3 3.2c-.4.4-.7.7-1.4.7l.5-7L25.5 9.2c.6-.5-.1-.8-.9-.3l-15.8 10L2 16.7c-1.5-.5-1.5-1.5.3-2.2L28.9 4.3c1.3-.5 2.3.3 1.9 2.2z\"\/><\/svg><\/span><span class=\"shariff-text\">teilen<\/span>&nbsp;<\/a><\/li><li class=\"shariff-button facebook shariff-nocustomcolor\" style=\"background-color:#4273c8\"><a href=\"https:\/\/www.facebook.com\/sharer\/sharer.php?u=https%3A%2F%2Fwww.geh8.de%2Fen%2Fkunst-raum-konzerte-praesentieren-olicia-trifft-mdura%2F\" title=\"Bei Facebook teilen\" aria-label=\"Bei Facebook teilen\" role=\"button\" rel=\"nofollow\" class=\"shariff-link\" style=\"; background-color:#3b5998; color:#fff\" target=\"_blank\"><span class=\"shariff-icon\" style=\"\"><svg width=\"32px\" height=\"20px\" xmlns=\"http:\/\/www.w3.org\/2000\/svg\" viewBox=\"0 0 18 32\"><path fill=\"#3b5998\" d=\"M17.1 0.2v4.7h-2.8q-1.5 0-2.1 0.6t-0.5 1.9v3.4h5.2l-0.7 5.3h-4.5v13.6h-5.5v-13.6h-4.5v-5.3h4.5v-3.9q0-3.3 1.9-5.2t5-1.8q2.6 0 4.1 0.2z\"\/><\/svg><\/span><span class=\"shariff-text\">teilen<\/span>&nbsp;<\/a><\/li><li class=\"shariff-button mailto shariff-nocustomcolor\" style=\"background-color:#a8a8a8\"><a href=\"mailto:?body=https%3A%2F%2Fwww.geh8.de%2Fen%2Fkunst-raum-konzerte-praesentieren-olicia-trifft-mdura%2F&subject=Kunst.Raum.Konzerte%20present%3A%20Olic%C3%ADa%20trifft%20mDura\" title=\"Per E-Mail versenden\" aria-label=\"Per E-Mail versenden\" role=\"button\" rel=\"noopener nofollow\" class=\"shariff-link\" style=\"; background-color:#999; color:#fff\"><span class=\"shariff-icon\" style=\"\"><svg width=\"32px\" height=\"20px\" xmlns=\"http:\/\/www.w3.org\/2000\/svg\" viewBox=\"0 0 32 32\"><path fill=\"#999\" d=\"M32 12.7v14.2q0 1.2-0.8 2t-2 0.9h-26.3q-1.2 0-2-0.9t-0.8-2v-14.2q0.8 0.9 1.8 1.6 6.5 4.4 8.9 6.1 1 0.8 1.6 1.2t1.7 0.9 2 0.4h0.1q0.9 0 2-0.4t1.7-0.9 1.6-1.2q3-2.2 8.9-6.1 1-0.7 1.8-1.6zM32 7.4q0 1.4-0.9 2.7t-2.2 2.2q-6.7 4.7-8.4 5.8-0.2 0.1-0.7 0.5t-1 0.7-0.9 0.6-1.1 0.5-0.9 0.2h-0.1q-0.4 0-0.9-0.2t-1.1-0.5-0.9-0.6-1-0.7-0.7-0.5q-1.6-1.1-4.7-3.2t-3.6-2.6q-1.1-0.7-2.1-2t-1-2.5q0-1.4 0.7-2.3t2.1-0.9h26.3q1.2 0 2 0.8t0.9 2z\"\/><\/svg><\/span><span class=\"shariff-text\">E-Mail<\/span>&nbsp;<\/a><\/li><\/ul><\/div>","protected":false},"excerpt":{"rendered":"<p>The Kunst.Raum.Konzerte offer a platform for the fusion of sound-, image- and space-based arts. In [&hellip;]<\/p>\n","protected":false},"author":19,"featured_media":8207,"comment_status":"open","ping_status":"open","sticky":false,"template":"","format":[27],"meta":{"_acf_changed":false,"ngg_post_thumbnail":0,"footnotes":""},"categories":[6,23],"tags":[],"acf":[],"yoast_head":"<!-- This site is optimized with the Yoast SEO plugin v23.0 - https:\/\/yoast.com\/wordpress\/plugins\/seo\/ -->\n<title>Kunst.Raum.Konzerte present: Olic\u00eda trifft mDura - GEH8 Kunst Raum Ateliers gUG | Dresden<\/title>\n<meta name=\"robots\" content=\"index, follow, max-snippet:-1, max-image-preview:large, max-video-preview:-1\" \/>\n<link rel=\"canonical\" href=\"https:\/\/www.geh8.de\/kunst-raum-konzerte-praesentieren-olicia-trifft-mdura\/\" \/>\n<meta property=\"og:locale\" content=\"en_GB\" \/>\n<meta property=\"og:locale:alternate\" content=\"de_DE\" \/>\n<meta property=\"og:type\" content=\"article\" \/>\n<meta property=\"og:title\" content=\"Kunst.Raum.Konzerte present: Olic\u00eda trifft mDura\" \/>\n<meta property=\"og:description\" content=\"The Kunst.Raum.Konzerte offer a platform for the fusion of sound-, image- and space-based arts. In [&hellip;]\" \/>\n<meta property=\"og:url\" content=\"https:\/\/www.geh8.de\/en\/kunst-raum-konzerte-praesentieren-olicia-trifft-mdura\/\" \/>\n<meta property=\"og:site_name\" content=\"GEH8 Kunst Raum Ateliers gUG | Dresden\" \/>\n<meta property=\"article:publisher\" content=\"https:\/\/www.facebook.com\/Geh8Kunstraum\/\" \/>\n<meta property=\"article:published_time\" content=\"2021-06-12T18:49:06+00:00\" \/>\n<meta property=\"article:modified_time\" content=\"2022-05-13T09:52:21+00:00\" \/>\n<meta property=\"og:image\" content=\"https:\/\/www.geh8.de\/page\/wp-content\/uploads\/2021\/06\/kunst.raum_.konzerte_fb_820x312_220721.png\" \/>\n\t<meta property=\"og:image:width\" content=\"820\" \/>\n\t<meta property=\"og:image:height\" content=\"312\" \/>\n\t<meta property=\"og:image:type\" content=\"image\/png\" \/>\n<meta name=\"author\" content=\"Tiziana Foit\" \/>\n<meta name=\"twitter:card\" content=\"summary_large_image\" \/>\n<meta name=\"twitter:label1\" content=\"Written by\" \/>\n\t<meta name=\"twitter:data1\" content=\"Tiziana Foit\" \/>\n\t<meta name=\"twitter:label2\" content=\"Estimated reading time\" \/>\n\t<meta name=\"twitter:data2\" content=\"1 minute\" \/>\n<script type=\"application\/ld+json\" class=\"yoast-schema-graph\">{\"@context\":\"https:\/\/schema.org\",\"@graph\":[{\"@type\":\"Article\",\"@id\":\"https:\/\/www.geh8.de\/kunst-raum-konzerte-praesentieren-olicia-trifft-mdura\/#article\",\"isPartOf\":{\"@id\":\"https:\/\/www.geh8.de\/kunst-raum-konzerte-praesentieren-olicia-trifft-mdura\/\"},\"author\":{\"name\":\"Tiziana Foit\",\"@id\":\"https:\/\/www.geh8.de\/#\/schema\/person\/4250b9c5c527cedf9dc80637dfcbe537\"},\"headline\":\"Kunst.Raum.Konzerte present: Olic\u00eda trifft mDura\",\"datePublished\":\"2021-06-12T18:49:06+00:00\",\"dateModified\":\"2022-05-13T09:52:21+00:00\",\"mainEntityOfPage\":{\"@id\":\"https:\/\/www.geh8.de\/kunst-raum-konzerte-praesentieren-olicia-trifft-mdura\/\"},\"wordCount\":480,\"commentCount\":0,\"publisher\":{\"@id\":\"https:\/\/www.geh8.de\/#organization\"},\"image\":{\"@id\":\"https:\/\/www.geh8.de\/kunst-raum-konzerte-praesentieren-olicia-trifft-mdura\/#primaryimage\"},\"thumbnailUrl\":\"https:\/\/www.geh8.de\/page\/wp-content\/uploads\/2021\/06\/kunst.raum_.konzerte_fb_820x312_220721.png\",\"articleSection\":[\"Concert\",\"Event\"],\"inLanguage\":\"en-GB\",\"potentialAction\":[{\"@type\":\"CommentAction\",\"name\":\"Comment\",\"target\":[\"https:\/\/www.geh8.de\/kunst-raum-konzerte-praesentieren-olicia-trifft-mdura\/#respond\"]}]},{\"@type\":\"WebPage\",\"@id\":\"https:\/\/www.geh8.de\/kunst-raum-konzerte-praesentieren-olicia-trifft-mdura\/\",\"url\":\"https:\/\/www.geh8.de\/kunst-raum-konzerte-praesentieren-olicia-trifft-mdura\/\",\"name\":\"Kunst.Raum.Konzerte present: Olic\u00eda trifft mDura\",\"isPartOf\":{\"@id\":\"https:\/\/www.geh8.de\/#website\"},\"primaryImageOfPage\":{\"@id\":\"https:\/\/www.geh8.de\/kunst-raum-konzerte-praesentieren-olicia-trifft-mdura\/#primaryimage\"},\"image\":{\"@id\":\"https:\/\/www.geh8.de\/kunst-raum-konzerte-praesentieren-olicia-trifft-mdura\/#primaryimage\"},\"thumbnailUrl\":\"https:\/\/www.geh8.de\/page\/wp-content\/uploads\/2021\/06\/kunst.raum_.konzerte_fb_820x312_220721.png\",\"datePublished\":\"2021-06-12T18:49:06+00:00\",\"dateModified\":\"2022-05-13T09:52:21+00:00\",\"breadcrumb\":{\"@id\":\"https:\/\/www.geh8.de\/kunst-raum-konzerte-praesentieren-olicia-trifft-mdura\/#breadcrumb\"},\"inLanguage\":\"en-GB\",\"potentialAction\":[{\"@type\":\"ReadAction\",\"target\":[\"https:\/\/www.geh8.de\/kunst-raum-konzerte-praesentieren-olicia-trifft-mdura\/\"]}]},{\"@type\":\"ImageObject\",\"inLanguage\":\"en-GB\",\"@id\":\"https:\/\/www.geh8.de\/kunst-raum-konzerte-praesentieren-olicia-trifft-mdura\/#primaryimage\",\"url\":\"https:\/\/www.geh8.de\/page\/wp-content\/uploads\/2021\/06\/kunst.raum_.konzerte_fb_820x312_220721.png\",\"contentUrl\":\"https:\/\/www.geh8.de\/page\/wp-content\/uploads\/2021\/06\/kunst.raum_.konzerte_fb_820x312_220721.png\",\"width\":820,\"height\":312},{\"@type\":\"BreadcrumbList\",\"@id\":\"https:\/\/www.geh8.de\/kunst-raum-konzerte-praesentieren-olicia-trifft-mdura\/#breadcrumb\",\"itemListElement\":[{\"@type\":\"ListItem\",\"position\":1,\"name\":\"Startseite\",\"item\":\"https:\/\/www.geh8.de\/\"},{\"@type\":\"ListItem\",\"position\":2,\"name\":\"Kunst.Raum.Konzerte pr\u00e4sentieren: Olic\u00eda trifft mDura\"}]},{\"@type\":\"WebSite\",\"@id\":\"https:\/\/www.geh8.de\/#website\",\"url\":\"https:\/\/www.geh8.de\/\",\"name\":\"GEH8 Kunst Raum Ateliers gUG | Dresden\",\"description\":\"Geh8 is a non-profit association in Dresden to foster contemporary art\",\"publisher\":{\"@id\":\"https:\/\/www.geh8.de\/#organization\"},\"potentialAction\":[{\"@type\":\"SearchAction\",\"target\":{\"@type\":\"EntryPoint\",\"urlTemplate\":\"https:\/\/www.geh8.de\/?s={search_term_string}\"},\"query-input\":\"required name=search_term_string\"}],\"inLanguage\":\"en-GB\"},{\"@type\":\"Organization\",\"@id\":\"https:\/\/www.geh8.de\/#organization\",\"name\":\"geh8\",\"url\":\"https:\/\/www.geh8.de\/\",\"logo\":{\"@type\":\"ImageObject\",\"inLanguage\":\"en-GB\",\"@id\":\"https:\/\/www.geh8.de\/#\/schema\/logo\/image\/\",\"url\":\"https:\/\/www.geh8.de\/page\/wp-content\/uploads\/2018\/06\/Logo_GEH8_neu_Icon_sbg.png\",\"contentUrl\":\"https:\/\/www.geh8.de\/page\/wp-content\/uploads\/2018\/06\/Logo_GEH8_neu_Icon_sbg.png\",\"width\":164,\"height\":145,\"caption\":\"geh8\"},\"image\":{\"@id\":\"https:\/\/www.geh8.de\/#\/schema\/logo\/image\/\"},\"sameAs\":[\"https:\/\/www.facebook.com\/Geh8Kunstraum\/\",\"https:\/\/www.instagram.com\/geh8kunstraum\/\"]},{\"@type\":\"Person\",\"@id\":\"https:\/\/www.geh8.de\/#\/schema\/person\/4250b9c5c527cedf9dc80637dfcbe537\",\"name\":\"Tiziana Foit\"}]}<\/script>\n<!-- \/ Yoast SEO plugin. -->","yoast_head_json":{"title":"Kunst.Raum.Konzerte present: Olic\u00eda trifft mDura - GEH8 Kunst Raum Ateliers gUG | Dresden","robots":{"index":"index","follow":"follow","max-snippet":"max-snippet:-1","max-image-preview":"max-image-preview:large","max-video-preview":"max-video-preview:-1"},"canonical":"https:\/\/www.geh8.de\/kunst-raum-konzerte-praesentieren-olicia-trifft-mdura\/","og_locale":"en_GB","og_type":"article","og_title":"[:en]Kunst.Raum.Konzerte present: Olic\u00eda trifft mDura[:de]Kunst.Raum.Konzerte pr\u00e4sentieren: Olic\u00eda trifft mDura[:] - GEH8 Kunst Raum Ateliers gUG | Dresden","og_description":"The Kunst.Raum.Konzerte offer a platform for the fusion of sound-, image- and space-based arts. In [&hellip;]","og_url":"https:\/\/www.geh8.de\/en\/kunst-raum-konzerte-praesentieren-olicia-trifft-mdura\/","og_site_name":"GEH8 Kunst Raum Ateliers gUG | Dresden","article_publisher":"https:\/\/www.facebook.com\/Geh8Kunstraum\/","article_published_time":"2021-06-12T18:49:06+00:00","article_modified_time":"2022-05-13T09:52:21+00:00","og_image":[{"width":820,"height":312,"url":"https:\/\/www.geh8.de\/page\/wp-content\/uploads\/2021\/06\/kunst.raum_.konzerte_fb_820x312_220721.png","type":"image\/png"}],"author":"Tiziana Foit","twitter_card":"summary_large_image","twitter_misc":{"Written by":"Tiziana Foit","Estimated reading time":"1 minute"},"schema":{"@context":"https:\/\/schema.org","@graph":[{"@type":"Article","@id":"https:\/\/www.geh8.de\/kunst-raum-konzerte-praesentieren-olicia-trifft-mdura\/#article","isPartOf":{"@id":"https:\/\/www.geh8.de\/kunst-raum-konzerte-praesentieren-olicia-trifft-mdura\/"},"author":{"name":"Tiziana Foit","@id":"https:\/\/www.geh8.de\/#\/schema\/person\/4250b9c5c527cedf9dc80637dfcbe537"},"headline":"Kunst.Raum.Konzerte present: Olic\u00eda trifft mDura","datePublished":"2021-06-12T18:49:06+00:00","dateModified":"2022-05-13T09:52:21+00:00","mainEntityOfPage":{"@id":"https:\/\/www.geh8.de\/kunst-raum-konzerte-praesentieren-olicia-trifft-mdura\/"},"wordCount":480,"commentCount":0,"publisher":{"@id":"https:\/\/www.geh8.de\/#organization"},"image":{"@id":"https:\/\/www.geh8.de\/kunst-raum-konzerte-praesentieren-olicia-trifft-mdura\/#primaryimage"},"thumbnailUrl":"https:\/\/www.geh8.de\/page\/wp-content\/uploads\/2021\/06\/kunst.raum_.konzerte_fb_820x312_220721.png","articleSection":["Concert","Event"],"inLanguage":"en-GB","potentialAction":[{"@type":"CommentAction","name":"Comment","target":["https:\/\/www.geh8.de\/kunst-raum-konzerte-praesentieren-olicia-trifft-mdura\/#respond"]}]},{"@type":"WebPage","@id":"https:\/\/www.geh8.de\/kunst-raum-konzerte-praesentieren-olicia-trifft-mdura\/","url":"https:\/\/www.geh8.de\/kunst-raum-konzerte-praesentieren-olicia-trifft-mdura\/","name":"Kunst.Raum.Konzerte present: Olic\u00eda trifft mDura","isPartOf":{"@id":"https:\/\/www.geh8.de\/#website"},"primaryImageOfPage":{"@id":"https:\/\/www.geh8.de\/kunst-raum-konzerte-praesentieren-olicia-trifft-mdura\/#primaryimage"},"image":{"@id":"https:\/\/www.geh8.de\/kunst-raum-konzerte-praesentieren-olicia-trifft-mdura\/#primaryimage"},"thumbnailUrl":"https:\/\/www.geh8.de\/page\/wp-content\/uploads\/2021\/06\/kunst.raum_.konzerte_fb_820x312_220721.png","datePublished":"2021-06-12T18:49:06+00:00","dateModified":"2022-05-13T09:52:21+00:00","breadcrumb":{"@id":"https:\/\/www.geh8.de\/kunst-raum-konzerte-praesentieren-olicia-trifft-mdura\/#breadcrumb"},"inLanguage":"en-GB","potentialAction":[{"@type":"ReadAction","target":["https:\/\/www.geh8.de\/kunst-raum-konzerte-praesentieren-olicia-trifft-mdura\/"]}]},{"@type":"ImageObject","inLanguage":"en-GB","@id":"https:\/\/www.geh8.de\/kunst-raum-konzerte-praesentieren-olicia-trifft-mdura\/#primaryimage","url":"https:\/\/www.geh8.de\/page\/wp-content\/uploads\/2021\/06\/kunst.raum_.konzerte_fb_820x312_220721.png","contentUrl":"https:\/\/www.geh8.de\/page\/wp-content\/uploads\/2021\/06\/kunst.raum_.konzerte_fb_820x312_220721.png","width":820,"height":312},{"@type":"BreadcrumbList","@id":"https:\/\/www.geh8.de\/kunst-raum-konzerte-praesentieren-olicia-trifft-mdura\/#breadcrumb","itemListElement":[{"@type":"ListItem","position":1,"name":"Startseite","item":"https:\/\/www.geh8.de\/"},{"@type":"ListItem","position":2,"name":"Kunst.Raum.Konzerte pr\u00e4sentieren: Olic\u00eda trifft mDura"}]},{"@type":"WebSite","@id":"https:\/\/www.geh8.de\/#website","url":"https:\/\/www.geh8.de\/","name":"GEH8 Kunst Raum Ateliers gUG | Dresden","description":"Geh8 is a non-profit association in Dresden to foster contemporary art","publisher":{"@id":"https:\/\/www.geh8.de\/#organization"},"potentialAction":[{"@type":"SearchAction","target":{"@type":"EntryPoint","urlTemplate":"https:\/\/www.geh8.de\/?s={search_term_string}"},"query-input":"required name=search_term_string"}],"inLanguage":"en-GB"},{"@type":"Organization","@id":"https:\/\/www.geh8.de\/#organization","name":"geh8","url":"https:\/\/www.geh8.de\/","logo":{"@type":"ImageObject","inLanguage":"en-GB","@id":"https:\/\/www.geh8.de\/#\/schema\/logo\/image\/","url":"https:\/\/www.geh8.de\/page\/wp-content\/uploads\/2018\/06\/Logo_GEH8_neu_Icon_sbg.png","contentUrl":"https:\/\/www.geh8.de\/page\/wp-content\/uploads\/2018\/06\/Logo_GEH8_neu_Icon_sbg.png","width":164,"height":145,"caption":"geh8"},"image":{"@id":"https:\/\/www.geh8.de\/#\/schema\/logo\/image\/"},"sameAs":["https:\/\/www.facebook.com\/Geh8Kunstraum\/","https:\/\/www.instagram.com\/geh8kunstraum\/"]},{"@type":"Person","@id":"https:\/\/www.geh8.de\/#\/schema\/person\/4250b9c5c527cedf9dc80637dfcbe537","name":"Tiziana Foit"}]}},"_links":{"self":[{"href":"https:\/\/www.geh8.de\/en\/wp-json\/wp\/v2\/posts\/8206"}],"collection":[{"href":"https:\/\/www.geh8.de\/en\/wp-json\/wp\/v2\/posts"}],"about":[{"href":"https:\/\/www.geh8.de\/en\/wp-json\/wp\/v2\/types\/post"}],"author":[{"embeddable":true,"href":"https:\/\/www.geh8.de\/en\/wp-json\/wp\/v2\/users\/19"}],"replies":[{"embeddable":true,"href":"https:\/\/www.geh8.de\/en\/wp-json\/wp\/v2\/comments?post=8206"}],"version-history":[{"count":0,"href":"https:\/\/www.geh8.de\/en\/wp-json\/wp\/v2\/posts\/8206\/revisions"}],"wp:featuredmedia":[{"embeddable":true,"href":"https:\/\/www.geh8.de\/en\/wp-json\/wp\/v2\/media\/8207"}],"wp:attachment":[{"href":"https:\/\/www.geh8.de\/en\/wp-json\/wp\/v2\/media?parent=8206"}],"wp:term":[{"taxonomy":"category","embeddable":true,"href":"https:\/\/www.geh8.de\/en\/wp-json\/wp\/v2\/categories?post=8206"},{"taxonomy":"post_tag","embeddable":true,"href":"https:\/\/www.geh8.de\/en\/wp-json\/wp\/v2\/tags?post=8206"},{"taxonomy":"format","embeddable":true,"href":"https:\/\/www.geh8.de\/en\/wp-json\/wp\/v2\/format?post=8206"}],"curies":[{"name":"wp","href":"https:\/\/api.w.org\/{rel}","templated":true}]}}