{"id":8175,"date":"2021-07-03T21:48:03","date_gmt":"2021-07-03T19:48:03","guid":{"rendered":"https:\/\/www.geh8.de\/?p=8175"},"modified":"2021-07-15T12:33:55","modified_gmt":"2021-07-15T10:33:55","slug":"windkanal-neue-musik-fuer-blockfloeten-und-akkordeon","status":"publish","type":"post","link":"https:\/\/www.geh8.de\/en\/windkanal-neue-musik-fuer-blockfloeten-und-akkordeon\/","title":{"rendered":"Windkanal &#8211; New music for recorders and accordion"},"content":{"rendered":"<p>For the concert project we have chosen an unusual instrument duo: Accordion and recorders. Both instruments introduce new and unusual parameters into contemporary music in the areas of timbre. The press reactions describe the phenomenal playing and the extraordinary concert atmosphere. &#8220;Windspiel | Duo f\u00fcr Neue Musik&#8221; was founded in 2000 by recorder player Verena W\u00fcsthoff and accordionist Eva Z\u00f6llner. Both musicians have made a name for themselves as specialists for contemporary music in the international concert scene and are committed to expanding the repertoire for their instruments and presenting it in new contexts. As the world&#8217;s only professional recorder-accordion duo with more than 10 years of stage experience, the two musicians inspire their audiences with lively and authentic interpretations. In cooperation with composers from all over the world, they have initiated numerous new works for this unique instrumentation, which they regularly perform in concert series and festivals worldwide.<\/p>\n<p data-syno-style=\"{\" data-syno-marks=\"[{\"><span data-syno-text=\"true\"><strong>Participating artists:<\/strong><\/span><\/p>\n<p data-syno-style=\"{\" data-syno-marks=\"[]\"><a href=\"https:\/\/windspiel-neuemusik.jimdofree.com\"><span><span data-syno-text=\"true\">Duo Windspiel<\/span><\/span><\/a><\/p>\n<p data-syno-style=\"{\" data-syno-marks=\"[]\"><a href=\"http:\/\/eva-zoellner.de\"><span><span data-syno-text=\"true\">Eva Z\u00f6llner &#8211; Akkordeon (D)<\/span><\/span><\/a><\/p>\n<p data-syno-style=\"{\" data-syno-marks=\"[]\"><a href=\"http:\/\/www.verena-wuesthoff.de\"><span><span data-syno-text=\"true\">Verena W\u00fcsthoff &#8211; Blockfl\u00f6ten (CH)<\/span><\/span><\/a><\/p>\n<p><strong>Eva Z\u00f6llner<\/strong> studied classical accordion at the Hochschule f\u00fcr Musik in Cologne and at the Royal Danish Conservatory in Copenhagen. She is one of the most active accordionists of her generation and dedicates herself with great commitment to contemporary music.As an internationally sought-after artist, she presents projects worldwide, ranging from experimental solo performances to collaborations with renowned orchestras. Close collaboration with composers of her generation is an important aspect of her work. As a result, she has premiered more than 150 works in recent years. She is particularly interested in combining her instrument with new media. Eva Z\u00f6llner lives in the Westerwald and nomadically travels to explore her instrument in a wide variety of contexts and cultures.<\/p>\n<p><strong>Verena W\u00fcsthoff<\/strong> studied recorder at the Musikhochschule K\u00f6ln and the Hochschule der K\u00fcnste Bern and devotes herself primarily to contemporary music. She is particularly interested in the performance of contemporary chamber music works for recorder, as well as the development of innovative concert programs. In this context, she is also committed to expanding the recorder repertoire and collaborates intensively with numerous artists, composers and cultural figures worldwide. As a result of these collaborations, numerous new chamber music works have already been premiered by Windspiel. Concert tours have taken her throughout Europe, America and Australia. She has received the &#8220;most dramatic performance&#8221; award at the CHAIN competition, artist residencies at Sitka Center, Hiram College and Monash University Melbourne, among others.<\/p>\n<p data-syno-style=\"{\" data-syno-marks=\"[]\"><strong>When:<\/strong> 9.7.2021<\/p>\n<p data-syno-style=\"{\" data-syno-marks=\"[]\"><strong>Start:<\/strong> 19.30 Uhr<\/p>\n<p data-syno-style=\"{\" data-syno-marks=\"[]\"><strong>Where:<\/strong> GEH8 Kunstraum<\/p>\n<p data-syno-style=\"{\" data-syno-marks=\"[]\">&nbsp;&nbsp;&nbsp;&nbsp;&nbsp;&nbsp;&nbsp;&nbsp;&nbsp;&nbsp;&nbsp;&nbsp;&nbsp; Gehestra\u00dfe 8<\/p>\n<p data-syno-style=\"{\" data-syno-marks=\"[]\">&nbsp;&nbsp;&nbsp;&nbsp;&nbsp;&nbsp;&nbsp;&nbsp;&nbsp;&nbsp;&nbsp; &nbsp; 01127 Dresden<\/p>\n<p data-syno-style=\"{\" data-syno-marks=\"[]\"><strong>Advance Sale:<\/strong> GEH8<\/p>\n<p data-syno-style=\"{\" data-syno-marks=\"[]\"><strong>Ticket Price:<\/strong> 6 Euro (reduced 5 Euro)<\/p>\n<p data-syno-style=\"{\" data-syno-marks=\"[]\">&nbsp;<\/p>\n<p data-syno-style=\"{\" data-syno-marks=\"[]\"><a href=\"http:\/\/www.saechsischer-musikbund.de\"><span>Click here to go to the organizer&#8217;s page!<\/span><\/a><\/p>\n<p data-syno-style=\"{\" data-syno-marks=\"[]\"><strong>Contactinformation: <\/strong><span data-syno-text=\"true\"><a class=\"syno-o-doc-pm-mark-link\" href=\"mailto:info@saechsischer-musikbund.de\" target=\"_blank\" rel=\"noopener noreferrer\"><span>info@saechsischer-musikbund.de<\/span><\/a><\/span><\/p>\n<p data-syno-style=\"{\" data-syno-marks=\"[]\">&nbsp;<\/p>\n<p data-syno-style=\"{\" data-syno-marks=\"[]\"><strong>Sponsored by:<br \/>\n<\/strong><\/p>\n<p data-syno-style=\"{\" data-syno-marks=\"[]\"><span data-syno-text=\"true\"><img loading=\"lazy\" decoding=\"async\" class=\"alignnone wp-image-8178 \" src=\"https:\/\/www.geh8.de\/page\/wp-content\/uploads\/2021\/05\/LogoBundle.jpg\" alt=\"\" width=\"779\" height=\"401\" srcset=\"https:\/\/www.geh8.de\/page\/wp-content\/uploads\/2021\/05\/LogoBundle.jpg 893w, https:\/\/www.geh8.de\/page\/wp-content\/uploads\/2021\/05\/LogoBundle-100x51.jpg 100w, https:\/\/www.geh8.de\/page\/wp-content\/uploads\/2021\/05\/LogoBundle-80x41.jpg 80w, https:\/\/www.geh8.de\/page\/wp-content\/uploads\/2021\/05\/LogoBundle-768x395.jpg 768w\" sizes=\"(max-width: 779px) 100vw, 779px\" \/><\/span><\/p>\n<div class=\"shariff shariff-align-center shariff-widget-align-center\"><ul class=\"shariff-buttons theme-default orientation-horizontal buttonsize-medium\"><li class=\"shariff-button whatsapp shariff-nocustomcolor\" style=\"background-color:#5cbe4a\"><a href=\"https:\/\/api.whatsapp.com\/send?text=https%3A%2F%2Fwww.geh8.de%2Fen%2Fwindkanal-neue-musik-fuer-blockfloeten-und-akkordeon%2F%20Windkanal%20%E2%80%93%20New%20music%20for%20recorders%20and%20accordion\" title=\"Bei Whatsapp teilen\" aria-label=\"Bei Whatsapp teilen\" role=\"button\" rel=\"noopener nofollow\" class=\"shariff-link\" style=\"; background-color:#34af23; color:#fff\" target=\"_blank\"><span class=\"shariff-icon\" style=\"\"><svg width=\"32px\" height=\"20px\" xmlns=\"http:\/\/www.w3.org\/2000\/svg\" viewBox=\"0 0 32 32\"><path fill=\"#34af23\" d=\"M17.6 17.4q0.2 0 1.7 0.8t1.6 0.9q0 0.1 0 0.3 0 0.6-0.3 1.4-0.3 0.7-1.3 1.2t-1.8 0.5q-1 0-3.4-1.1-1.7-0.8-3-2.1t-2.6-3.3q-1.3-1.9-1.3-3.5v-0.1q0.1-1.6 1.3-2.8 0.4-0.4 0.9-0.4 0.1 0 0.3 0t0.3 0q0.3 0 0.5 0.1t0.3 0.5q0.1 0.4 0.6 1.6t0.4 1.3q0 0.4-0.6 1t-0.6 0.8q0 0.1 0.1 0.3 0.6 1.3 1.8 2.4 1 0.9 2.7 1.8 0.2 0.1 0.4 0.1 0.3 0 1-0.9t0.9-0.9zM14 26.9q2.3 0 4.3-0.9t3.6-2.4 2.4-3.6 0.9-4.3-0.9-4.3-2.4-3.6-3.6-2.4-4.3-0.9-4.3 0.9-3.6 2.4-2.4 3.6-0.9 4.3q0 3.6 2.1 6.6l-1.4 4.2 4.3-1.4q2.8 1.9 6.2 1.9zM14 2.2q2.7 0 5.2 1.1t4.3 2.9 2.9 4.3 1.1 5.2-1.1 5.2-2.9 4.3-4.3 2.9-5.2 1.1q-3.5 0-6.5-1.7l-7.4 2.4 2.4-7.2q-1.9-3.2-1.9-6.9 0-2.7 1.1-5.2t2.9-4.3 4.3-2.9 5.2-1.1z\"\/><\/svg><\/span><span class=\"shariff-text\">teilen<\/span>&nbsp;<\/a><\/li><li class=\"shariff-button telegram shariff-nocustomcolor\" style=\"background-color:#4084A6\"><a href=\"https:\/\/telegram.me\/share\/url?url=https%3A%2F%2Fwww.geh8.de%2Fen%2Fwindkanal-neue-musik-fuer-blockfloeten-und-akkordeon%2F&text=Windkanal%20%E2%80%93%20New%20music%20for%20recorders%20and%20accordion\" title=\"Bei Telegram teilen\" aria-label=\"Bei Telegram teilen\" role=\"button\" rel=\"noopener nofollow\" class=\"shariff-link\" style=\"; background-color:#0088cc; color:#fff\" target=\"_blank\"><span class=\"shariff-icon\" style=\"\"><svg width=\"32px\" height=\"20px\" xmlns=\"http:\/\/www.w3.org\/2000\/svg\" viewBox=\"0 0 32 32\"><path fill=\"#0088cc\" d=\"M30.8 6.5l-4.5 21.4c-.3 1.5-1.2 1.9-2.5 1.2L16.9 24l-3.3 3.2c-.4.4-.7.7-1.4.7l.5-7L25.5 9.2c.6-.5-.1-.8-.9-.3l-15.8 10L2 16.7c-1.5-.5-1.5-1.5.3-2.2L28.9 4.3c1.3-.5 2.3.3 1.9 2.2z\"\/><\/svg><\/span><span class=\"shariff-text\">teilen<\/span>&nbsp;<\/a><\/li><li class=\"shariff-button facebook shariff-nocustomcolor\" style=\"background-color:#4273c8\"><a href=\"https:\/\/www.facebook.com\/sharer\/sharer.php?u=https%3A%2F%2Fwww.geh8.de%2Fen%2Fwindkanal-neue-musik-fuer-blockfloeten-und-akkordeon%2F\" title=\"Bei Facebook teilen\" aria-label=\"Bei Facebook teilen\" role=\"button\" rel=\"nofollow\" class=\"shariff-link\" style=\"; background-color:#3b5998; color:#fff\" target=\"_blank\"><span class=\"shariff-icon\" style=\"\"><svg width=\"32px\" height=\"20px\" xmlns=\"http:\/\/www.w3.org\/2000\/svg\" viewBox=\"0 0 18 32\"><path fill=\"#3b5998\" d=\"M17.1 0.2v4.7h-2.8q-1.5 0-2.1 0.6t-0.5 1.9v3.4h5.2l-0.7 5.3h-4.5v13.6h-5.5v-13.6h-4.5v-5.3h4.5v-3.9q0-3.3 1.9-5.2t5-1.8q2.6 0 4.1 0.2z\"\/><\/svg><\/span><span class=\"shariff-text\">teilen<\/span>&nbsp;<\/a><\/li><li class=\"shariff-button mailto shariff-nocustomcolor\" style=\"background-color:#a8a8a8\"><a href=\"mailto:?body=https%3A%2F%2Fwww.geh8.de%2Fen%2Fwindkanal-neue-musik-fuer-blockfloeten-und-akkordeon%2F&subject=Windkanal%20%E2%80%93%20New%20music%20for%20recorders%20and%20accordion\" title=\"Per E-Mail versenden\" aria-label=\"Per E-Mail versenden\" role=\"button\" rel=\"noopener nofollow\" class=\"shariff-link\" style=\"; background-color:#999; color:#fff\"><span class=\"shariff-icon\" style=\"\"><svg width=\"32px\" height=\"20px\" xmlns=\"http:\/\/www.w3.org\/2000\/svg\" viewBox=\"0 0 32 32\"><path fill=\"#999\" d=\"M32 12.7v14.2q0 1.2-0.8 2t-2 0.9h-26.3q-1.2 0-2-0.9t-0.8-2v-14.2q0.8 0.9 1.8 1.6 6.5 4.4 8.9 6.1 1 0.8 1.6 1.2t1.7 0.9 2 0.4h0.1q0.9 0 2-0.4t1.7-0.9 1.6-1.2q3-2.2 8.9-6.1 1-0.7 1.8-1.6zM32 7.4q0 1.4-0.9 2.7t-2.2 2.2q-6.7 4.7-8.4 5.8-0.2 0.1-0.7 0.5t-1 0.7-0.9 0.6-1.1 0.5-0.9 0.2h-0.1q-0.4 0-0.9-0.2t-1.1-0.5-0.9-0.6-1-0.7-0.7-0.5q-1.6-1.1-4.7-3.2t-3.6-2.6q-1.1-0.7-2.1-2t-1-2.5q0-1.4 0.7-2.3t2.1-0.9h26.3q1.2 0 2 0.8t0.9 2z\"\/><\/svg><\/span><span class=\"shariff-text\">E-Mail<\/span>&nbsp;<\/a><\/li><\/ul><\/div>","protected":false},"excerpt":{"rendered":"<p>For the concert project we have chosen an unusual instrument duo: Accordion and recorders. Both [&hellip;]<\/p>\n","protected":false},"author":19,"featured_media":8177,"comment_status":"open","ping_status":"open","sticky":false,"template":"","format":[27],"meta":{"_acf_changed":false,"ngg_post_thumbnail":0,"footnotes":""},"categories":[6,23],"tags":[],"acf":[],"yoast_head":"<!-- This site is optimized with the Yoast SEO plugin v23.0 - https:\/\/yoast.com\/wordpress\/plugins\/seo\/ -->\n<title>Windkanal - Windkanal - Neue Musik f\u00fcr Blockfl\u00f6ten und Akkordeon[:] - GEH8 Kunst Raum Ateliers gUG | Dresden<\/title>\n<meta name=\"robots\" content=\"index, follow, max-snippet:-1, max-image-preview:large, max-video-preview:-1\" \/>\n<link rel=\"canonical\" href=\"https:\/\/www.geh8.de\/windkanal-neue-musik-fuer-blockfloeten-und-akkordeon\/\" \/>\n<meta property=\"og:locale\" content=\"en_GB\" \/>\n<meta property=\"og:locale:alternate\" content=\"de_DE\" \/>\n<meta property=\"og:type\" content=\"article\" \/>\n<meta property=\"og:title\" content=\"Windkanal - New music for recorders and accordion\" \/>\n<meta property=\"og:description\" content=\"For the concert project we have chosen an unusual instrument duo: Accordion and recorders. Both [&hellip;]\" \/>\n<meta property=\"og:url\" content=\"https:\/\/www.geh8.de\/en\/windkanal-neue-musik-fuer-blockfloeten-und-akkordeon\/\" \/>\n<meta property=\"og:site_name\" content=\"GEH8 Kunst Raum Ateliers gUG | Dresden\" \/>\n<meta property=\"article:publisher\" content=\"https:\/\/www.facebook.com\/Geh8Kunstraum\/\" \/>\n<meta property=\"article:published_time\" content=\"2021-07-03T19:48:03+00:00\" \/>\n<meta property=\"article:modified_time\" content=\"2021-07-15T10:33:55+00:00\" \/>\n<meta property=\"og:image\" content=\"https:\/\/www.geh8.de\/page\/wp-content\/uploads\/2021\/05\/Duo-Windspiel-foto-R.-Languillat.jpg\" \/>\n\t<meta property=\"og:image:width\" content=\"1181\" \/>\n\t<meta property=\"og:image:height\" content=\"787\" \/>\n\t<meta property=\"og:image:type\" content=\"image\/jpeg\" \/>\n<meta name=\"author\" content=\"Tiziana Foit\" \/>\n<meta name=\"twitter:card\" content=\"summary_large_image\" \/>\n<meta name=\"twitter:label1\" content=\"Written by\" \/>\n\t<meta name=\"twitter:data1\" content=\"Tiziana Foit\" \/>\n\t<meta name=\"twitter:label2\" content=\"Estimated reading time\" \/>\n\t<meta name=\"twitter:data2\" content=\"2 minutes\" \/>\n<script type=\"application\/ld+json\" class=\"yoast-schema-graph\">{\"@context\":\"https:\/\/schema.org\",\"@graph\":[{\"@type\":\"Article\",\"@id\":\"https:\/\/www.geh8.de\/windkanal-neue-musik-fuer-blockfloeten-und-akkordeon\/#article\",\"isPartOf\":{\"@id\":\"https:\/\/www.geh8.de\/windkanal-neue-musik-fuer-blockfloeten-und-akkordeon\/\"},\"author\":{\"name\":\"Tiziana Foit\",\"@id\":\"https:\/\/www.geh8.de\/#\/schema\/person\/4250b9c5c527cedf9dc80637dfcbe537\"},\"headline\":\"Windkanal &#8211; New music for recorders and accordion\",\"datePublished\":\"2021-07-03T19:48:03+00:00\",\"dateModified\":\"2021-07-15T10:33:55+00:00\",\"mainEntityOfPage\":{\"@id\":\"https:\/\/www.geh8.de\/windkanal-neue-musik-fuer-blockfloeten-und-akkordeon\/\"},\"wordCount\":961,\"commentCount\":0,\"publisher\":{\"@id\":\"https:\/\/www.geh8.de\/#organization\"},\"image\":{\"@id\":\"https:\/\/www.geh8.de\/windkanal-neue-musik-fuer-blockfloeten-und-akkordeon\/#primaryimage\"},\"thumbnailUrl\":\"https:\/\/www.geh8.de\/page\/wp-content\/uploads\/2021\/05\/Duo-Windspiel-foto-R.-Languillat.jpg\",\"articleSection\":[\"Concert\",\"Event\"],\"inLanguage\":\"en-GB\",\"potentialAction\":[{\"@type\":\"CommentAction\",\"name\":\"Comment\",\"target\":[\"https:\/\/www.geh8.de\/windkanal-neue-musik-fuer-blockfloeten-und-akkordeon\/#respond\"]}]},{\"@type\":\"WebPage\",\"@id\":\"https:\/\/www.geh8.de\/windkanal-neue-musik-fuer-blockfloeten-und-akkordeon\/\",\"url\":\"https:\/\/www.geh8.de\/windkanal-neue-musik-fuer-blockfloeten-und-akkordeon\/\",\"name\":\"Windkanal - New music for recorders and accordion\",\"isPartOf\":{\"@id\":\"https:\/\/www.geh8.de\/#website\"},\"primaryImageOfPage\":{\"@id\":\"https:\/\/www.geh8.de\/windkanal-neue-musik-fuer-blockfloeten-und-akkordeon\/#primaryimage\"},\"image\":{\"@id\":\"https:\/\/www.geh8.de\/windkanal-neue-musik-fuer-blockfloeten-und-akkordeon\/#primaryimage\"},\"thumbnailUrl\":\"https:\/\/www.geh8.de\/page\/wp-content\/uploads\/2021\/05\/Duo-Windspiel-foto-R.-Languillat.jpg\",\"datePublished\":\"2021-07-03T19:48:03+00:00\",\"dateModified\":\"2021-07-15T10:33:55+00:00\",\"breadcrumb\":{\"@id\":\"https:\/\/www.geh8.de\/windkanal-neue-musik-fuer-blockfloeten-und-akkordeon\/#breadcrumb\"},\"inLanguage\":\"en-GB\",\"potentialAction\":[{\"@type\":\"ReadAction\",\"target\":[\"https:\/\/www.geh8.de\/windkanal-neue-musik-fuer-blockfloeten-und-akkordeon\/\"]}]},{\"@type\":\"ImageObject\",\"inLanguage\":\"en-GB\",\"@id\":\"https:\/\/www.geh8.de\/windkanal-neue-musik-fuer-blockfloeten-und-akkordeon\/#primaryimage\",\"url\":\"https:\/\/www.geh8.de\/page\/wp-content\/uploads\/2021\/05\/Duo-Windspiel-foto-R.-Languillat.jpg\",\"contentUrl\":\"https:\/\/www.geh8.de\/page\/wp-content\/uploads\/2021\/05\/Duo-Windspiel-foto-R.-Languillat.jpg\",\"width\":1181,\"height\":787},{\"@type\":\"BreadcrumbList\",\"@id\":\"https:\/\/www.geh8.de\/windkanal-neue-musik-fuer-blockfloeten-und-akkordeon\/#breadcrumb\",\"itemListElement\":[{\"@type\":\"ListItem\",\"position\":1,\"name\":\"Startseite\",\"item\":\"https:\/\/www.geh8.de\/\"},{\"@type\":\"ListItem\",\"position\":2,\"name\":\"Windkanal &#8211; Neue Musik f\u00fcr Blockfl\u00f6ten und Akkordeon\"}]},{\"@type\":\"WebSite\",\"@id\":\"https:\/\/www.geh8.de\/#website\",\"url\":\"https:\/\/www.geh8.de\/\",\"name\":\"GEH8 Kunst Raum Ateliers gUG | Dresden\",\"description\":\"Geh8 is a non-profit association in Dresden to foster contemporary art\",\"publisher\":{\"@id\":\"https:\/\/www.geh8.de\/#organization\"},\"potentialAction\":[{\"@type\":\"SearchAction\",\"target\":{\"@type\":\"EntryPoint\",\"urlTemplate\":\"https:\/\/www.geh8.de\/?s={search_term_string}\"},\"query-input\":\"required name=search_term_string\"}],\"inLanguage\":\"en-GB\"},{\"@type\":\"Organization\",\"@id\":\"https:\/\/www.geh8.de\/#organization\",\"name\":\"geh8\",\"url\":\"https:\/\/www.geh8.de\/\",\"logo\":{\"@type\":\"ImageObject\",\"inLanguage\":\"en-GB\",\"@id\":\"https:\/\/www.geh8.de\/#\/schema\/logo\/image\/\",\"url\":\"https:\/\/www.geh8.de\/page\/wp-content\/uploads\/2018\/06\/Logo_GEH8_neu_Icon_sbg.png\",\"contentUrl\":\"https:\/\/www.geh8.de\/page\/wp-content\/uploads\/2018\/06\/Logo_GEH8_neu_Icon_sbg.png\",\"width\":164,\"height\":145,\"caption\":\"geh8\"},\"image\":{\"@id\":\"https:\/\/www.geh8.de\/#\/schema\/logo\/image\/\"},\"sameAs\":[\"https:\/\/www.facebook.com\/Geh8Kunstraum\/\",\"https:\/\/www.instagram.com\/geh8kunstraum\/\"]},{\"@type\":\"Person\",\"@id\":\"https:\/\/www.geh8.de\/#\/schema\/person\/4250b9c5c527cedf9dc80637dfcbe537\",\"name\":\"Tiziana Foit\"}]}<\/script>\n<!-- \/ Yoast SEO plugin. -->","yoast_head_json":{"title":"Windkanal - Windkanal - Neue Musik f\u00fcr Blockfl\u00f6ten und Akkordeon[:] - GEH8 Kunst Raum Ateliers gUG | Dresden","robots":{"index":"index","follow":"follow","max-snippet":"max-snippet:-1","max-image-preview":"max-image-preview:large","max-video-preview":"max-video-preview:-1"},"canonical":"https:\/\/www.geh8.de\/windkanal-neue-musik-fuer-blockfloeten-und-akkordeon\/","og_locale":"en_GB","og_type":"article","og_title":"[:en]Windkanal - New music for recorders and accordion[:de]Windkanal - Neue Musik f\u00fcr Blockfl\u00f6ten und Akkordeon[:] - GEH8 Kunst Raum Ateliers gUG | Dresden","og_description":"For the concert project we have chosen an unusual instrument duo: Accordion and recorders. Both [&hellip;]","og_url":"https:\/\/www.geh8.de\/en\/windkanal-neue-musik-fuer-blockfloeten-und-akkordeon\/","og_site_name":"GEH8 Kunst Raum Ateliers gUG | Dresden","article_publisher":"https:\/\/www.facebook.com\/Geh8Kunstraum\/","article_published_time":"2021-07-03T19:48:03+00:00","article_modified_time":"2021-07-15T10:33:55+00:00","og_image":[{"width":1181,"height":787,"url":"https:\/\/www.geh8.de\/page\/wp-content\/uploads\/2021\/05\/Duo-Windspiel-foto-R.-Languillat.jpg","type":"image\/jpeg"}],"author":"Tiziana Foit","twitter_card":"summary_large_image","twitter_misc":{"Written by":"Tiziana Foit","Estimated reading time":"2 minutes"},"schema":{"@context":"https:\/\/schema.org","@graph":[{"@type":"Article","@id":"https:\/\/www.geh8.de\/windkanal-neue-musik-fuer-blockfloeten-und-akkordeon\/#article","isPartOf":{"@id":"https:\/\/www.geh8.de\/windkanal-neue-musik-fuer-blockfloeten-und-akkordeon\/"},"author":{"name":"Tiziana Foit","@id":"https:\/\/www.geh8.de\/#\/schema\/person\/4250b9c5c527cedf9dc80637dfcbe537"},"headline":"Windkanal &#8211; New music for recorders and accordion","datePublished":"2021-07-03T19:48:03+00:00","dateModified":"2021-07-15T10:33:55+00:00","mainEntityOfPage":{"@id":"https:\/\/www.geh8.de\/windkanal-neue-musik-fuer-blockfloeten-und-akkordeon\/"},"wordCount":961,"commentCount":0,"publisher":{"@id":"https:\/\/www.geh8.de\/#organization"},"image":{"@id":"https:\/\/www.geh8.de\/windkanal-neue-musik-fuer-blockfloeten-und-akkordeon\/#primaryimage"},"thumbnailUrl":"https:\/\/www.geh8.de\/page\/wp-content\/uploads\/2021\/05\/Duo-Windspiel-foto-R.-Languillat.jpg","articleSection":["Concert","Event"],"inLanguage":"en-GB","potentialAction":[{"@type":"CommentAction","name":"Comment","target":["https:\/\/www.geh8.de\/windkanal-neue-musik-fuer-blockfloeten-und-akkordeon\/#respond"]}]},{"@type":"WebPage","@id":"https:\/\/www.geh8.de\/windkanal-neue-musik-fuer-blockfloeten-und-akkordeon\/","url":"https:\/\/www.geh8.de\/windkanal-neue-musik-fuer-blockfloeten-und-akkordeon\/","name":"Windkanal - New music for recorders and accordion","isPartOf":{"@id":"https:\/\/www.geh8.de\/#website"},"primaryImageOfPage":{"@id":"https:\/\/www.geh8.de\/windkanal-neue-musik-fuer-blockfloeten-und-akkordeon\/#primaryimage"},"image":{"@id":"https:\/\/www.geh8.de\/windkanal-neue-musik-fuer-blockfloeten-und-akkordeon\/#primaryimage"},"thumbnailUrl":"https:\/\/www.geh8.de\/page\/wp-content\/uploads\/2021\/05\/Duo-Windspiel-foto-R.-Languillat.jpg","datePublished":"2021-07-03T19:48:03+00:00","dateModified":"2021-07-15T10:33:55+00:00","breadcrumb":{"@id":"https:\/\/www.geh8.de\/windkanal-neue-musik-fuer-blockfloeten-und-akkordeon\/#breadcrumb"},"inLanguage":"en-GB","potentialAction":[{"@type":"ReadAction","target":["https:\/\/www.geh8.de\/windkanal-neue-musik-fuer-blockfloeten-und-akkordeon\/"]}]},{"@type":"ImageObject","inLanguage":"en-GB","@id":"https:\/\/www.geh8.de\/windkanal-neue-musik-fuer-blockfloeten-und-akkordeon\/#primaryimage","url":"https:\/\/www.geh8.de\/page\/wp-content\/uploads\/2021\/05\/Duo-Windspiel-foto-R.-Languillat.jpg","contentUrl":"https:\/\/www.geh8.de\/page\/wp-content\/uploads\/2021\/05\/Duo-Windspiel-foto-R.-Languillat.jpg","width":1181,"height":787},{"@type":"BreadcrumbList","@id":"https:\/\/www.geh8.de\/windkanal-neue-musik-fuer-blockfloeten-und-akkordeon\/#breadcrumb","itemListElement":[{"@type":"ListItem","position":1,"name":"Startseite","item":"https:\/\/www.geh8.de\/"},{"@type":"ListItem","position":2,"name":"Windkanal &#8211; Neue Musik f\u00fcr Blockfl\u00f6ten und Akkordeon"}]},{"@type":"WebSite","@id":"https:\/\/www.geh8.de\/#website","url":"https:\/\/www.geh8.de\/","name":"GEH8 Kunst Raum Ateliers gUG | Dresden","description":"Geh8 is a non-profit association in Dresden to foster contemporary art","publisher":{"@id":"https:\/\/www.geh8.de\/#organization"},"potentialAction":[{"@type":"SearchAction","target":{"@type":"EntryPoint","urlTemplate":"https:\/\/www.geh8.de\/?s={search_term_string}"},"query-input":"required name=search_term_string"}],"inLanguage":"en-GB"},{"@type":"Organization","@id":"https:\/\/www.geh8.de\/#organization","name":"geh8","url":"https:\/\/www.geh8.de\/","logo":{"@type":"ImageObject","inLanguage":"en-GB","@id":"https:\/\/www.geh8.de\/#\/schema\/logo\/image\/","url":"https:\/\/www.geh8.de\/page\/wp-content\/uploads\/2018\/06\/Logo_GEH8_neu_Icon_sbg.png","contentUrl":"https:\/\/www.geh8.de\/page\/wp-content\/uploads\/2018\/06\/Logo_GEH8_neu_Icon_sbg.png","width":164,"height":145,"caption":"geh8"},"image":{"@id":"https:\/\/www.geh8.de\/#\/schema\/logo\/image\/"},"sameAs":["https:\/\/www.facebook.com\/Geh8Kunstraum\/","https:\/\/www.instagram.com\/geh8kunstraum\/"]},{"@type":"Person","@id":"https:\/\/www.geh8.de\/#\/schema\/person\/4250b9c5c527cedf9dc80637dfcbe537","name":"Tiziana Foit"}]}},"_links":{"self":[{"href":"https:\/\/www.geh8.de\/en\/wp-json\/wp\/v2\/posts\/8175"}],"collection":[{"href":"https:\/\/www.geh8.de\/en\/wp-json\/wp\/v2\/posts"}],"about":[{"href":"https:\/\/www.geh8.de\/en\/wp-json\/wp\/v2\/types\/post"}],"author":[{"embeddable":true,"href":"https:\/\/www.geh8.de\/en\/wp-json\/wp\/v2\/users\/19"}],"replies":[{"embeddable":true,"href":"https:\/\/www.geh8.de\/en\/wp-json\/wp\/v2\/comments?post=8175"}],"version-history":[{"count":0,"href":"https:\/\/www.geh8.de\/en\/wp-json\/wp\/v2\/posts\/8175\/revisions"}],"wp:featuredmedia":[{"embeddable":true,"href":"https:\/\/www.geh8.de\/en\/wp-json\/wp\/v2\/media\/8177"}],"wp:attachment":[{"href":"https:\/\/www.geh8.de\/en\/wp-json\/wp\/v2\/media?parent=8175"}],"wp:term":[{"taxonomy":"category","embeddable":true,"href":"https:\/\/www.geh8.de\/en\/wp-json\/wp\/v2\/categories?post=8175"},{"taxonomy":"post_tag","embeddable":true,"href":"https:\/\/www.geh8.de\/en\/wp-json\/wp\/v2\/tags?post=8175"},{"taxonomy":"format","embeddable":true,"href":"https:\/\/www.geh8.de\/en\/wp-json\/wp\/v2\/format?post=8175"}],"curies":[{"name":"wp","href":"https:\/\/api.w.org\/{rel}","templated":true}]}}