{"id":6310,"date":"2019-01-31T17:52:35","date_gmt":"2019-01-31T16:52:35","guid":{"rendered":"https:\/\/www.geh8.de\/en\/?p=6310"},"modified":"2022-02-16T14:48:59","modified_gmt":"2022-02-16T13:48:59","slug":"jahresthema-2019-aus-ruecksicht-auf-die-zukunft","status":"publish","type":"post","link":"https:\/\/www.geh8.de\/en\/jahresthema-2019-aus-ruecksicht-auf-die-zukunft\/","title":{"rendered":"Annual topic 2019: OUT OF FOCUS ON THE FUTURE"},"content":{"rendered":"<p>In its self-image as a place of artistic exploration of social issues, the GEH8-Kunstraum dedicates the year 2019 to the motto:<\/p>\n<p><img loading=\"lazy\" decoding=\"async\" class=\"wp-image-6303 aligncenter\" src=\"https:\/\/www.geh8.de\/page\/wp-content\/uploads\/2019\/01\/jahresthema_logo.png\" alt=\"\" width=\"300\" height=\"187\" srcset=\"https:\/\/www.geh8.de\/page\/wp-content\/uploads\/2019\/01\/jahresthema_logo.png 1192w, https:\/\/www.geh8.de\/page\/wp-content\/uploads\/2019\/01\/jahresthema_logo-100x62.png 100w, https:\/\/www.geh8.de\/page\/wp-content\/uploads\/2019\/01\/jahresthema_logo-1024x637.png 1024w, https:\/\/www.geh8.de\/page\/wp-content\/uploads\/2019\/01\/jahresthema_logo-80x50.png 80w, https:\/\/www.geh8.de\/page\/wp-content\/uploads\/2019\/01\/jahresthema_logo-768x478.png 768w\" sizes=\"(max-width: 300px) 100vw, 300px\" \/><\/p>\n<p>&nbsp;<\/p>\n<p>Thirty years after the drastic political and social upheavals that fundamentally changed the states of Eastern and Central Europe, we look back to the hopes and visions of those days, question their relevance in the present, and open our doors to new utopias.<\/p>\n<p>&nbsp;<\/p>\n<blockquote><p><em>1989 ist zu einem quasi-mythischen Chiffre politischer und sozialer Ver\u00e4nderungen in der europ\u00e4ischen Geschichte geworden. Bereits zu seiner Zeit randvoll mit Aussichten auf die Zukunft, steht es bis heute eher f\u00fcr einen M\u00f6glichkeits- als einen Wirklichkeitsraum ein. Die Hoffnungen und Bef\u00fcrchtungen, Utopien und Dystopien, die mit dem Jahr 1989 verbunden waren, sind inzwischen aus der Zeit gefallen, \u00fcberholt von einer Geschichte, die einmal mehr gezeigt hat, dass die einzige Zukunft, die den Namen verdient, die ist, die nicht vorhergesagt werden kann.<\/em>&nbsp;<em>Dennoch durchwabern die unerf\u00fcllten Potenziale des Jahres 1989 weiterhin die kollektiven Imaginationen und politischen Agenden der Gegenwart. Ohne eine Perspektive auf 1989, l\u00e4sst sich die deutsche und europ\u00e4ische Gegenwart des Jahres 2019 nicht verstehen.&nbsp;<\/em>Marian Kaiser<\/p><\/blockquote>\n<p>&nbsp;<br \/>\n&#8220;Out of Focus On The Future&#8221; reflects, on the one hand, the critical review of history as a necessary part of a retrospective view of the turbulent phase of the so-called &#8220;turning point.&#8221; On the other hand, the chronological arc from the past to the present is to be stretched to the future Jubilee background to inspire reflections on the present and the future. What do 30-year-old artistic and social utopias tell us about the present? What responsibility does the experience of the experience have for the future In exploring this temporal link, we want to open a space who brings the historical into dialogue with the future and unfolds a productive excitement to make new perspectives productive.<\/p>\n<p><strong>We will trace the facets of our annual theme 2019 with various projects, exhibitions and festivals.<\/strong><\/p>\n<p>&nbsp;<\/p>\n<div class=\"shariff shariff-align-center shariff-widget-align-center\"><ul class=\"shariff-buttons theme-default orientation-horizontal buttonsize-medium\"><li class=\"shariff-button whatsapp shariff-nocustomcolor\" style=\"background-color:#5cbe4a\"><a href=\"https:\/\/api.whatsapp.com\/send?text=https%3A%2F%2Fwww.geh8.de%2Fen%2Fjahresthema-2019-aus-ruecksicht-auf-die-zukunft%2F%20Annual%20topic%202019%3A%20OUT%20OF%20FOCUS%20ON%20THE%20FUTURE\" title=\"Bei Whatsapp teilen\" aria-label=\"Bei Whatsapp teilen\" role=\"button\" rel=\"noopener nofollow\" class=\"shariff-link\" style=\"; background-color:#34af23; color:#fff\" target=\"_blank\"><span class=\"shariff-icon\" style=\"\"><svg width=\"32px\" height=\"20px\" xmlns=\"http:\/\/www.w3.org\/2000\/svg\" viewBox=\"0 0 32 32\"><path fill=\"#34af23\" d=\"M17.6 17.4q0.2 0 1.7 0.8t1.6 0.9q0 0.1 0 0.3 0 0.6-0.3 1.4-0.3 0.7-1.3 1.2t-1.8 0.5q-1 0-3.4-1.1-1.7-0.8-3-2.1t-2.6-3.3q-1.3-1.9-1.3-3.5v-0.1q0.1-1.6 1.3-2.8 0.4-0.4 0.9-0.4 0.1 0 0.3 0t0.3 0q0.3 0 0.5 0.1t0.3 0.5q0.1 0.4 0.6 1.6t0.4 1.3q0 0.4-0.6 1t-0.6 0.8q0 0.1 0.1 0.3 0.6 1.3 1.8 2.4 1 0.9 2.7 1.8 0.2 0.1 0.4 0.1 0.3 0 1-0.9t0.9-0.9zM14 26.9q2.3 0 4.3-0.9t3.6-2.4 2.4-3.6 0.9-4.3-0.9-4.3-2.4-3.6-3.6-2.4-4.3-0.9-4.3 0.9-3.6 2.4-2.4 3.6-0.9 4.3q0 3.6 2.1 6.6l-1.4 4.2 4.3-1.4q2.8 1.9 6.2 1.9zM14 2.2q2.7 0 5.2 1.1t4.3 2.9 2.9 4.3 1.1 5.2-1.1 5.2-2.9 4.3-4.3 2.9-5.2 1.1q-3.5 0-6.5-1.7l-7.4 2.4 2.4-7.2q-1.9-3.2-1.9-6.9 0-2.7 1.1-5.2t2.9-4.3 4.3-2.9 5.2-1.1z\"\/><\/svg><\/span><span class=\"shariff-text\">teilen<\/span>&nbsp;<\/a><\/li><li class=\"shariff-button telegram shariff-nocustomcolor\" style=\"background-color:#4084A6\"><a href=\"https:\/\/telegram.me\/share\/url?url=https%3A%2F%2Fwww.geh8.de%2Fen%2Fjahresthema-2019-aus-ruecksicht-auf-die-zukunft%2F&text=Annual%20topic%202019%3A%20OUT%20OF%20FOCUS%20ON%20THE%20FUTURE\" title=\"Bei Telegram teilen\" aria-label=\"Bei Telegram teilen\" role=\"button\" rel=\"noopener nofollow\" class=\"shariff-link\" style=\"; background-color:#0088cc; color:#fff\" target=\"_blank\"><span class=\"shariff-icon\" style=\"\"><svg width=\"32px\" height=\"20px\" xmlns=\"http:\/\/www.w3.org\/2000\/svg\" viewBox=\"0 0 32 32\"><path fill=\"#0088cc\" d=\"M30.8 6.5l-4.5 21.4c-.3 1.5-1.2 1.9-2.5 1.2L16.9 24l-3.3 3.2c-.4.4-.7.7-1.4.7l.5-7L25.5 9.2c.6-.5-.1-.8-.9-.3l-15.8 10L2 16.7c-1.5-.5-1.5-1.5.3-2.2L28.9 4.3c1.3-.5 2.3.3 1.9 2.2z\"\/><\/svg><\/span><span class=\"shariff-text\">teilen<\/span>&nbsp;<\/a><\/li><li class=\"shariff-button facebook shariff-nocustomcolor\" style=\"background-color:#4273c8\"><a href=\"https:\/\/www.facebook.com\/sharer\/sharer.php?u=https%3A%2F%2Fwww.geh8.de%2Fen%2Fjahresthema-2019-aus-ruecksicht-auf-die-zukunft%2F\" title=\"Bei Facebook teilen\" aria-label=\"Bei Facebook teilen\" role=\"button\" rel=\"nofollow\" class=\"shariff-link\" style=\"; background-color:#3b5998; color:#fff\" target=\"_blank\"><span class=\"shariff-icon\" style=\"\"><svg width=\"32px\" height=\"20px\" xmlns=\"http:\/\/www.w3.org\/2000\/svg\" viewBox=\"0 0 18 32\"><path fill=\"#3b5998\" d=\"M17.1 0.2v4.7h-2.8q-1.5 0-2.1 0.6t-0.5 1.9v3.4h5.2l-0.7 5.3h-4.5v13.6h-5.5v-13.6h-4.5v-5.3h4.5v-3.9q0-3.3 1.9-5.2t5-1.8q2.6 0 4.1 0.2z\"\/><\/svg><\/span><span class=\"shariff-text\">teilen<\/span>&nbsp;<\/a><\/li><li class=\"shariff-button mailto shariff-nocustomcolor\" style=\"background-color:#a8a8a8\"><a href=\"mailto:?body=https%3A%2F%2Fwww.geh8.de%2Fen%2Fjahresthema-2019-aus-ruecksicht-auf-die-zukunft%2F&subject=Annual%20topic%202019%3A%20OUT%20OF%20FOCUS%20ON%20THE%20FUTURE\" title=\"Per E-Mail versenden\" aria-label=\"Per E-Mail versenden\" role=\"button\" rel=\"noopener nofollow\" class=\"shariff-link\" style=\"; background-color:#999; color:#fff\"><span class=\"shariff-icon\" style=\"\"><svg width=\"32px\" height=\"20px\" xmlns=\"http:\/\/www.w3.org\/2000\/svg\" viewBox=\"0 0 32 32\"><path fill=\"#999\" d=\"M32 12.7v14.2q0 1.2-0.8 2t-2 0.9h-26.3q-1.2 0-2-0.9t-0.8-2v-14.2q0.8 0.9 1.8 1.6 6.5 4.4 8.9 6.1 1 0.8 1.6 1.2t1.7 0.9 2 0.4h0.1q0.9 0 2-0.4t1.7-0.9 1.6-1.2q3-2.2 8.9-6.1 1-0.7 1.8-1.6zM32 7.4q0 1.4-0.9 2.7t-2.2 2.2q-6.7 4.7-8.4 5.8-0.2 0.1-0.7 0.5t-1 0.7-0.9 0.6-1.1 0.5-0.9 0.2h-0.1q-0.4 0-0.9-0.2t-1.1-0.5-0.9-0.6-1-0.7-0.7-0.5q-1.6-1.1-4.7-3.2t-3.6-2.6q-1.1-0.7-2.1-2t-1-2.5q0-1.4 0.7-2.3t2.1-0.9h26.3q1.2 0 2 0.8t0.9 2z\"\/><\/svg><\/span><span class=\"shariff-text\">E-Mail<\/span>&nbsp;<\/a><\/li><\/ul><\/div>","protected":false},"excerpt":{"rendered":"<p>In its self-image as a place of artistic exploration of social issues, the GEH8-Kunstraum dedicates [&hellip;]<\/p>\n","protected":false},"author":19,"featured_media":6303,"comment_status":"open","ping_status":"open","sticky":false,"template":"","format":[27],"meta":{"_acf_changed":false,"ngg_post_thumbnail":0,"footnotes":""},"categories":[14,37],"tags":[],"acf":[],"yoast_head":"<!-- This site is optimized with the Yoast SEO plugin v23.0 - https:\/\/yoast.com\/wordpress\/plugins\/seo\/ -->\n<title>Annual topic 2019: OUT OF FOCUS ON THE FUTURE - GEH8 Kunst Raum Ateliers gUG | Dresden<\/title>\n<meta name=\"robots\" content=\"index, follow, max-snippet:-1, max-image-preview:large, max-video-preview:-1\" \/>\n<link rel=\"canonical\" href=\"https:\/\/www.geh8.de\/en\/jahresthema-2019-aus-ruecksicht-auf-die-zukunft\/\" \/>\n<meta property=\"og:locale\" content=\"en_GB\" \/>\n<meta property=\"og:locale:alternate\" content=\"de_DE\" \/>\n<meta property=\"og:type\" content=\"article\" \/>\n<meta property=\"og:title\" content=\"Annual topic 2019: OUT OF FOCUS ON THE FUTURE\" \/>\n<meta property=\"og:description\" content=\"In its self-image as a place of artistic exploration of social issues, the GEH8-Kunstraum dedicates [&hellip;]\" \/>\n<meta property=\"og:url\" content=\"https:\/\/www.geh8.de\/en\/jahresthema-2019-aus-ruecksicht-auf-die-zukunft\/\" \/>\n<meta property=\"og:site_name\" content=\"GEH8 Kunst Raum Ateliers gUG | Dresden\" \/>\n<meta property=\"article:publisher\" content=\"https:\/\/www.facebook.com\/Geh8Kunstraum\/\" \/>\n<meta property=\"article:published_time\" content=\"2019-01-31T16:52:35+00:00\" \/>\n<meta property=\"article:modified_time\" content=\"2022-02-16T13:48:59+00:00\" \/>\n<meta property=\"og:image\" content=\"https:\/\/www.geh8.de\/page\/wp-content\/uploads\/2019\/01\/jahresthema_logo.png\" \/>\n\t<meta property=\"og:image:width\" content=\"1192\" \/>\n\t<meta property=\"og:image:height\" content=\"742\" \/>\n\t<meta property=\"og:image:type\" content=\"image\/png\" \/>\n<meta name=\"author\" content=\"Tiziana Foit\" \/>\n<meta name=\"twitter:card\" content=\"summary_large_image\" \/>\n<meta name=\"twitter:label1\" content=\"Written by\" \/>\n\t<meta name=\"twitter:data1\" content=\"Tiziana Foit\" \/>\n\t<meta name=\"twitter:label2\" content=\"Estimated reading time\" \/>\n\t<meta name=\"twitter:data2\" content=\"3 minutes\" \/>\n<script type=\"application\/ld+json\" class=\"yoast-schema-graph\">{\"@context\":\"https:\/\/schema.org\",\"@graph\":[{\"@type\":\"Article\",\"@id\":\"https:\/\/www.geh8.de\/en\/jahresthema-2019-aus-ruecksicht-auf-die-zukunft\/#article\",\"isPartOf\":{\"@id\":\"https:\/\/www.geh8.de\/en\/jahresthema-2019-aus-ruecksicht-auf-die-zukunft\/\"},\"author\":{\"name\":\"Tiziana Foit\",\"@id\":\"https:\/\/www.geh8.de\/#\/schema\/person\/4250b9c5c527cedf9dc80637dfcbe537\"},\"headline\":\"Annual topic 2019: OUT OF FOCUS ON THE FUTURE\",\"datePublished\":\"2019-01-31T16:52:35+00:00\",\"dateModified\":\"2022-02-16T13:48:59+00:00\",\"mainEntityOfPage\":{\"@id\":\"https:\/\/www.geh8.de\/en\/jahresthema-2019-aus-ruecksicht-auf-die-zukunft\/\"},\"wordCount\":672,\"commentCount\":0,\"publisher\":{\"@id\":\"https:\/\/www.geh8.de\/#organization\"},\"image\":{\"@id\":\"https:\/\/www.geh8.de\/en\/jahresthema-2019-aus-ruecksicht-auf-die-zukunft\/#primaryimage\"},\"thumbnailUrl\":\"https:\/\/www.geh8.de\/page\/wp-content\/uploads\/2019\/01\/jahresthema_logo.png\",\"articleSection\":[\"Info\",\"Jahresthemen\"],\"inLanguage\":\"en-GB\",\"potentialAction\":[{\"@type\":\"CommentAction\",\"name\":\"Comment\",\"target\":[\"https:\/\/www.geh8.de\/en\/jahresthema-2019-aus-ruecksicht-auf-die-zukunft\/#respond\"]}]},{\"@type\":\"WebPage\",\"@id\":\"https:\/\/www.geh8.de\/en\/jahresthema-2019-aus-ruecksicht-auf-die-zukunft\/\",\"url\":\"https:\/\/www.geh8.de\/en\/jahresthema-2019-aus-ruecksicht-auf-die-zukunft\/\",\"name\":\"Annual topic 2019: OUT OF FOCUS ON THE FUTURE\",\"isPartOf\":{\"@id\":\"https:\/\/www.geh8.de\/#website\"},\"primaryImageOfPage\":{\"@id\":\"https:\/\/www.geh8.de\/en\/jahresthema-2019-aus-ruecksicht-auf-die-zukunft\/#primaryimage\"},\"image\":{\"@id\":\"https:\/\/www.geh8.de\/en\/jahresthema-2019-aus-ruecksicht-auf-die-zukunft\/#primaryimage\"},\"thumbnailUrl\":\"https:\/\/www.geh8.de\/page\/wp-content\/uploads\/2019\/01\/jahresthema_logo.png\",\"datePublished\":\"2019-01-31T16:52:35+00:00\",\"dateModified\":\"2022-02-16T13:48:59+00:00\",\"breadcrumb\":{\"@id\":\"https:\/\/www.geh8.de\/en\/jahresthema-2019-aus-ruecksicht-auf-die-zukunft\/#breadcrumb\"},\"inLanguage\":\"en-GB\",\"potentialAction\":[{\"@type\":\"ReadAction\",\"target\":[\"https:\/\/www.geh8.de\/en\/jahresthema-2019-aus-ruecksicht-auf-die-zukunft\/\"]}]},{\"@type\":\"ImageObject\",\"inLanguage\":\"en-GB\",\"@id\":\"https:\/\/www.geh8.de\/en\/jahresthema-2019-aus-ruecksicht-auf-die-zukunft\/#primaryimage\",\"url\":\"https:\/\/www.geh8.de\/page\/wp-content\/uploads\/2019\/01\/jahresthema_logo.png\",\"contentUrl\":\"https:\/\/www.geh8.de\/page\/wp-content\/uploads\/2019\/01\/jahresthema_logo.png\",\"width\":1192,\"height\":742},{\"@type\":\"BreadcrumbList\",\"@id\":\"https:\/\/www.geh8.de\/en\/jahresthema-2019-aus-ruecksicht-auf-die-zukunft\/#breadcrumb\",\"itemListElement\":[{\"@type\":\"ListItem\",\"position\":1,\"name\":\"Startseite\",\"item\":\"https:\/\/www.geh8.de\/\"},{\"@type\":\"ListItem\",\"position\":2,\"name\":\"Annual topic 2019: OUT OF FOCUS ON THE FUTURE\"}]},{\"@type\":\"WebSite\",\"@id\":\"https:\/\/www.geh8.de\/#website\",\"url\":\"https:\/\/www.geh8.de\/\",\"name\":\"GEH8 Kunst Raum Ateliers gUG | Dresden\",\"description\":\"Geh8 is a non-profit association in Dresden to foster contemporary art\",\"publisher\":{\"@id\":\"https:\/\/www.geh8.de\/#organization\"},\"potentialAction\":[{\"@type\":\"SearchAction\",\"target\":{\"@type\":\"EntryPoint\",\"urlTemplate\":\"https:\/\/www.geh8.de\/?s={search_term_string}\"},\"query-input\":\"required name=search_term_string\"}],\"inLanguage\":\"en-GB\"},{\"@type\":\"Organization\",\"@id\":\"https:\/\/www.geh8.de\/#organization\",\"name\":\"geh8\",\"url\":\"https:\/\/www.geh8.de\/\",\"logo\":{\"@type\":\"ImageObject\",\"inLanguage\":\"en-GB\",\"@id\":\"https:\/\/www.geh8.de\/#\/schema\/logo\/image\/\",\"url\":\"https:\/\/www.geh8.de\/page\/wp-content\/uploads\/2018\/06\/Logo_GEH8_neu_Icon_sbg.png\",\"contentUrl\":\"https:\/\/www.geh8.de\/page\/wp-content\/uploads\/2018\/06\/Logo_GEH8_neu_Icon_sbg.png\",\"width\":164,\"height\":145,\"caption\":\"geh8\"},\"image\":{\"@id\":\"https:\/\/www.geh8.de\/#\/schema\/logo\/image\/\"},\"sameAs\":[\"https:\/\/www.facebook.com\/Geh8Kunstraum\/\",\"https:\/\/www.instagram.com\/geh8kunstraum\/\"]},{\"@type\":\"Person\",\"@id\":\"https:\/\/www.geh8.de\/#\/schema\/person\/4250b9c5c527cedf9dc80637dfcbe537\",\"name\":\"Tiziana Foit\"}]}<\/script>\n<!-- \/ Yoast SEO plugin. -->","yoast_head_json":{"title":"Annual topic 2019: OUT OF FOCUS ON THE FUTURE - GEH8 Kunst Raum Ateliers gUG | Dresden","robots":{"index":"index","follow":"follow","max-snippet":"max-snippet:-1","max-image-preview":"max-image-preview:large","max-video-preview":"max-video-preview:-1"},"canonical":"https:\/\/www.geh8.de\/en\/jahresthema-2019-aus-ruecksicht-auf-die-zukunft\/","og_locale":"en_GB","og_type":"article","og_title":"[:en]Annual topic 2019: OUT OF FOCUS ON THE FUTURE[:de]Jahresthema 2019: Aus R\u00fccksicht auf die Zukunft[:] - GEH8 Kunst Raum Ateliers gUG | Dresden","og_description":"In its self-image as a place of artistic exploration of social issues, the GEH8-Kunstraum dedicates [&hellip;]","og_url":"https:\/\/www.geh8.de\/en\/jahresthema-2019-aus-ruecksicht-auf-die-zukunft\/","og_site_name":"GEH8 Kunst Raum Ateliers gUG | Dresden","article_publisher":"https:\/\/www.facebook.com\/Geh8Kunstraum\/","article_published_time":"2019-01-31T16:52:35+00:00","article_modified_time":"2022-02-16T13:48:59+00:00","og_image":[{"width":1192,"height":742,"url":"https:\/\/www.geh8.de\/page\/wp-content\/uploads\/2019\/01\/jahresthema_logo.png","type":"image\/png"}],"author":"Tiziana Foit","twitter_card":"summary_large_image","twitter_misc":{"Written by":"Tiziana Foit","Estimated reading time":"3 minutes"},"schema":{"@context":"https:\/\/schema.org","@graph":[{"@type":"Article","@id":"https:\/\/www.geh8.de\/en\/jahresthema-2019-aus-ruecksicht-auf-die-zukunft\/#article","isPartOf":{"@id":"https:\/\/www.geh8.de\/en\/jahresthema-2019-aus-ruecksicht-auf-die-zukunft\/"},"author":{"name":"Tiziana Foit","@id":"https:\/\/www.geh8.de\/#\/schema\/person\/4250b9c5c527cedf9dc80637dfcbe537"},"headline":"Annual topic 2019: OUT OF FOCUS ON THE FUTURE","datePublished":"2019-01-31T16:52:35+00:00","dateModified":"2022-02-16T13:48:59+00:00","mainEntityOfPage":{"@id":"https:\/\/www.geh8.de\/en\/jahresthema-2019-aus-ruecksicht-auf-die-zukunft\/"},"wordCount":672,"commentCount":0,"publisher":{"@id":"https:\/\/www.geh8.de\/#organization"},"image":{"@id":"https:\/\/www.geh8.de\/en\/jahresthema-2019-aus-ruecksicht-auf-die-zukunft\/#primaryimage"},"thumbnailUrl":"https:\/\/www.geh8.de\/page\/wp-content\/uploads\/2019\/01\/jahresthema_logo.png","articleSection":["Info","Jahresthemen"],"inLanguage":"en-GB","potentialAction":[{"@type":"CommentAction","name":"Comment","target":["https:\/\/www.geh8.de\/en\/jahresthema-2019-aus-ruecksicht-auf-die-zukunft\/#respond"]}]},{"@type":"WebPage","@id":"https:\/\/www.geh8.de\/en\/jahresthema-2019-aus-ruecksicht-auf-die-zukunft\/","url":"https:\/\/www.geh8.de\/en\/jahresthema-2019-aus-ruecksicht-auf-die-zukunft\/","name":"Annual topic 2019: OUT OF FOCUS ON THE FUTURE","isPartOf":{"@id":"https:\/\/www.geh8.de\/#website"},"primaryImageOfPage":{"@id":"https:\/\/www.geh8.de\/en\/jahresthema-2019-aus-ruecksicht-auf-die-zukunft\/#primaryimage"},"image":{"@id":"https:\/\/www.geh8.de\/en\/jahresthema-2019-aus-ruecksicht-auf-die-zukunft\/#primaryimage"},"thumbnailUrl":"https:\/\/www.geh8.de\/page\/wp-content\/uploads\/2019\/01\/jahresthema_logo.png","datePublished":"2019-01-31T16:52:35+00:00","dateModified":"2022-02-16T13:48:59+00:00","breadcrumb":{"@id":"https:\/\/www.geh8.de\/en\/jahresthema-2019-aus-ruecksicht-auf-die-zukunft\/#breadcrumb"},"inLanguage":"en-GB","potentialAction":[{"@type":"ReadAction","target":["https:\/\/www.geh8.de\/en\/jahresthema-2019-aus-ruecksicht-auf-die-zukunft\/"]}]},{"@type":"ImageObject","inLanguage":"en-GB","@id":"https:\/\/www.geh8.de\/en\/jahresthema-2019-aus-ruecksicht-auf-die-zukunft\/#primaryimage","url":"https:\/\/www.geh8.de\/page\/wp-content\/uploads\/2019\/01\/jahresthema_logo.png","contentUrl":"https:\/\/www.geh8.de\/page\/wp-content\/uploads\/2019\/01\/jahresthema_logo.png","width":1192,"height":742},{"@type":"BreadcrumbList","@id":"https:\/\/www.geh8.de\/en\/jahresthema-2019-aus-ruecksicht-auf-die-zukunft\/#breadcrumb","itemListElement":[{"@type":"ListItem","position":1,"name":"Startseite","item":"https:\/\/www.geh8.de\/"},{"@type":"ListItem","position":2,"name":"Annual topic 2019: OUT OF FOCUS ON THE FUTURE"}]},{"@type":"WebSite","@id":"https:\/\/www.geh8.de\/#website","url":"https:\/\/www.geh8.de\/","name":"GEH8 Kunst Raum Ateliers gUG | Dresden","description":"Geh8 is a non-profit association in Dresden to foster contemporary art","publisher":{"@id":"https:\/\/www.geh8.de\/#organization"},"potentialAction":[{"@type":"SearchAction","target":{"@type":"EntryPoint","urlTemplate":"https:\/\/www.geh8.de\/?s={search_term_string}"},"query-input":"required name=search_term_string"}],"inLanguage":"en-GB"},{"@type":"Organization","@id":"https:\/\/www.geh8.de\/#organization","name":"geh8","url":"https:\/\/www.geh8.de\/","logo":{"@type":"ImageObject","inLanguage":"en-GB","@id":"https:\/\/www.geh8.de\/#\/schema\/logo\/image\/","url":"https:\/\/www.geh8.de\/page\/wp-content\/uploads\/2018\/06\/Logo_GEH8_neu_Icon_sbg.png","contentUrl":"https:\/\/www.geh8.de\/page\/wp-content\/uploads\/2018\/06\/Logo_GEH8_neu_Icon_sbg.png","width":164,"height":145,"caption":"geh8"},"image":{"@id":"https:\/\/www.geh8.de\/#\/schema\/logo\/image\/"},"sameAs":["https:\/\/www.facebook.com\/Geh8Kunstraum\/","https:\/\/www.instagram.com\/geh8kunstraum\/"]},{"@type":"Person","@id":"https:\/\/www.geh8.de\/#\/schema\/person\/4250b9c5c527cedf9dc80637dfcbe537","name":"Tiziana Foit"}]}},"_links":{"self":[{"href":"https:\/\/www.geh8.de\/en\/wp-json\/wp\/v2\/posts\/6310"}],"collection":[{"href":"https:\/\/www.geh8.de\/en\/wp-json\/wp\/v2\/posts"}],"about":[{"href":"https:\/\/www.geh8.de\/en\/wp-json\/wp\/v2\/types\/post"}],"author":[{"embeddable":true,"href":"https:\/\/www.geh8.de\/en\/wp-json\/wp\/v2\/users\/19"}],"replies":[{"embeddable":true,"href":"https:\/\/www.geh8.de\/en\/wp-json\/wp\/v2\/comments?post=6310"}],"version-history":[{"count":0,"href":"https:\/\/www.geh8.de\/en\/wp-json\/wp\/v2\/posts\/6310\/revisions"}],"wp:featuredmedia":[{"embeddable":true,"href":"https:\/\/www.geh8.de\/en\/wp-json\/wp\/v2\/media\/6303"}],"wp:attachment":[{"href":"https:\/\/www.geh8.de\/en\/wp-json\/wp\/v2\/media?parent=6310"}],"wp:term":[{"taxonomy":"category","embeddable":true,"href":"https:\/\/www.geh8.de\/en\/wp-json\/wp\/v2\/categories?post=6310"},{"taxonomy":"post_tag","embeddable":true,"href":"https:\/\/www.geh8.de\/en\/wp-json\/wp\/v2\/tags?post=6310"},{"taxonomy":"format","embeddable":true,"href":"https:\/\/www.geh8.de\/en\/wp-json\/wp\/v2\/format?post=6310"}],"curies":[{"name":"wp","href":"https:\/\/api.w.org\/{rel}","templated":true}]}}