{"id":11629,"date":"2023-07-21T13:12:06","date_gmt":"2023-07-21T11:12:06","guid":{"rendered":"https:\/\/www.geh8.de\/?p=11629"},"modified":"2023-11-06T09:50:56","modified_gmt":"2023-11-06T08:50:56","slug":"5-verstaerker-kunst-film-festival","status":"publish","type":"post","link":"https:\/\/www.geh8.de\/en\/5-verstaerker-kunst-film-festival\/","title":{"rendered":"Extend! 5th Verst\u00e4rker Kunst-Film-Festival: Call for Entries"},"content":{"rendered":"<div>\n<p>On the 7th of October the GEH8 Art and Culture Center in Dresden will host the 5th Verst\u00e4rker Kunst-Film- Festival and present the Verst\u00e4rker Award as part of it. The film festival is aimed at students from the new federal states. In a publicscreening the visitors\/- and an expert jury are called to vote for their favorite.<\/p>\n<p><em>In summary:<\/em><br \/>\nMax. 8 min length<br \/>\nFormat: 16:9 (HD), mp4<br \/>\nPlease note the conditions of participation!<\/p>\n<p><em><strong>Extend to the 27th of August 2023.<\/strong><\/em><\/p>\n<p>&nbsp;<\/p>\n<p><strong>More information about Verst\u00e4rker<br \/>\n<\/strong><\/p>\n<p>Under the title &#8220;Amplifier&#8221; the GEH8 presents projects and exhibitions of students of the HfBK Dresden and other art colleges of the new federal states. Besides its own exhibitions and projects, the GEH8 repeatedly opens its space to young artists and artists and thus provides better artistic production and presentation conditions in Dresden. Dresden. With &#8220;Amplifier&#8221;, a format of its own has now been created for the first time, which supports and honors up-and-coming artistic positions and honors them.<\/p>\n<p>&nbsp;<\/p>\n<h3><em><strong>Jury<\/strong><\/em><\/h3>\n<p><strong>CAROLIN QUERMANN: <\/strong>Carolin Quermann studied and received her doctorate in art history in M\u00fcnster and Berlin. After a scientific traineeship at the Hamburger Kunsthalle, she became a staff member at the Deutsches Historisches Museum in Berlin. Since 2007, she has been curator for graphic art and sculpture at the St\u00e4dtische Galerie Dresden. In this capacity, she has conceived and realized numerous exhibitions and catalogs on art in Dresden from the 19th century to the present.<\/p>\n<p><strong>CHRISTIAN ZIMMERMANN:<\/strong> Christian Zimmermann was born in Leipzig in 1975. After studying contemporary dance in the early 90s and professional excursions in various fields, he worked as a freelance project manager since 2005. He headed the Filmverband Sachsen e.V. from 2011 &#8211; 2017 and has been acting as a freelance location scout and production consultant with a focus on Central Germany since 2019. Here he finds suitable locations especially for international feature films.<\/p>\n<p><strong>ANNA RYZHKOVA (GUEST JUROR):<\/strong> Anna Ryzhkova was born in Kaliningrad in 1998. In 2007 she moved to Germany and grew up in Chemnitz. Since 2019, she has been studying media art and design at Bauhaus University Weimar and has been supporting Traumhaus Studio Erfurt as a temp in animation and illustration since October 2021. Since 2020 she also works freelance on animation commissions. In the course of her studies, she has already been able to realize several cinematic projects. These include the films &#8220;entrapped&#8221; and &#8220;a part of me&#8221;.<\/p>\n<p>&nbsp;<\/p>\n<h3><em><strong>Program<\/strong><\/em><\/h3>\n<p><em>Saturday, 07th October 2023<\/em><br \/>\nInternational \/ German Shortfilms + Winning Prices + Live Music Show<br \/>\n<strong>Where:<\/strong> GEH8<\/p>\n<\/div>\n<p>&nbsp;<\/p>\n<h5>Picture: pidelta.de<\/h5>\n<div class=\"shariff shariff-align-center shariff-widget-align-center\"><ul class=\"shariff-buttons theme-default orientation-horizontal buttonsize-medium\"><li class=\"shariff-button whatsapp shariff-nocustomcolor\" style=\"background-color:#5cbe4a\"><a href=\"https:\/\/api.whatsapp.com\/send?text=https%3A%2F%2Fwww.geh8.de%2Fen%2F5-verstaerker-kunst-film-festival%2F%20Extend%21%205th%20Verst%C3%A4rker%20Kunst-Film-Festival%3A%20Call%20for%20Entries\" title=\"Bei Whatsapp teilen\" aria-label=\"Bei Whatsapp teilen\" role=\"button\" rel=\"noopener nofollow\" class=\"shariff-link\" style=\"; background-color:#34af23; color:#fff\" target=\"_blank\"><span class=\"shariff-icon\" style=\"\"><svg width=\"32px\" height=\"20px\" xmlns=\"http:\/\/www.w3.org\/2000\/svg\" viewBox=\"0 0 32 32\"><path fill=\"#34af23\" d=\"M17.6 17.4q0.2 0 1.7 0.8t1.6 0.9q0 0.1 0 0.3 0 0.6-0.3 1.4-0.3 0.7-1.3 1.2t-1.8 0.5q-1 0-3.4-1.1-1.7-0.8-3-2.1t-2.6-3.3q-1.3-1.9-1.3-3.5v-0.1q0.1-1.6 1.3-2.8 0.4-0.4 0.9-0.4 0.1 0 0.3 0t0.3 0q0.3 0 0.5 0.1t0.3 0.5q0.1 0.4 0.6 1.6t0.4 1.3q0 0.4-0.6 1t-0.6 0.8q0 0.1 0.1 0.3 0.6 1.3 1.8 2.4 1 0.9 2.7 1.8 0.2 0.1 0.4 0.1 0.3 0 1-0.9t0.9-0.9zM14 26.9q2.3 0 4.3-0.9t3.6-2.4 2.4-3.6 0.9-4.3-0.9-4.3-2.4-3.6-3.6-2.4-4.3-0.9-4.3 0.9-3.6 2.4-2.4 3.6-0.9 4.3q0 3.6 2.1 6.6l-1.4 4.2 4.3-1.4q2.8 1.9 6.2 1.9zM14 2.2q2.7 0 5.2 1.1t4.3 2.9 2.9 4.3 1.1 5.2-1.1 5.2-2.9 4.3-4.3 2.9-5.2 1.1q-3.5 0-6.5-1.7l-7.4 2.4 2.4-7.2q-1.9-3.2-1.9-6.9 0-2.7 1.1-5.2t2.9-4.3 4.3-2.9 5.2-1.1z\"\/><\/svg><\/span><span class=\"shariff-text\">teilen<\/span>&nbsp;<\/a><\/li><li class=\"shariff-button telegram shariff-nocustomcolor\" style=\"background-color:#4084A6\"><a href=\"https:\/\/telegram.me\/share\/url?url=https%3A%2F%2Fwww.geh8.de%2Fen%2F5-verstaerker-kunst-film-festival%2F&text=Extend%21%205th%20Verst%C3%A4rker%20Kunst-Film-Festival%3A%20Call%20for%20Entries\" title=\"Bei Telegram teilen\" aria-label=\"Bei Telegram teilen\" role=\"button\" rel=\"noopener nofollow\" class=\"shariff-link\" style=\"; background-color:#0088cc; color:#fff\" target=\"_blank\"><span class=\"shariff-icon\" style=\"\"><svg width=\"32px\" height=\"20px\" xmlns=\"http:\/\/www.w3.org\/2000\/svg\" viewBox=\"0 0 32 32\"><path fill=\"#0088cc\" d=\"M30.8 6.5l-4.5 21.4c-.3 1.5-1.2 1.9-2.5 1.2L16.9 24l-3.3 3.2c-.4.4-.7.7-1.4.7l.5-7L25.5 9.2c.6-.5-.1-.8-.9-.3l-15.8 10L2 16.7c-1.5-.5-1.5-1.5.3-2.2L28.9 4.3c1.3-.5 2.3.3 1.9 2.2z\"\/><\/svg><\/span><span class=\"shariff-text\">teilen<\/span>&nbsp;<\/a><\/li><li class=\"shariff-button facebook shariff-nocustomcolor\" style=\"background-color:#4273c8\"><a href=\"https:\/\/www.facebook.com\/sharer\/sharer.php?u=https%3A%2F%2Fwww.geh8.de%2Fen%2F5-verstaerker-kunst-film-festival%2F\" title=\"Bei Facebook teilen\" aria-label=\"Bei Facebook teilen\" role=\"button\" rel=\"nofollow\" class=\"shariff-link\" style=\"; background-color:#3b5998; color:#fff\" target=\"_blank\"><span class=\"shariff-icon\" style=\"\"><svg width=\"32px\" height=\"20px\" xmlns=\"http:\/\/www.w3.org\/2000\/svg\" viewBox=\"0 0 18 32\"><path fill=\"#3b5998\" d=\"M17.1 0.2v4.7h-2.8q-1.5 0-2.1 0.6t-0.5 1.9v3.4h5.2l-0.7 5.3h-4.5v13.6h-5.5v-13.6h-4.5v-5.3h4.5v-3.9q0-3.3 1.9-5.2t5-1.8q2.6 0 4.1 0.2z\"\/><\/svg><\/span><span class=\"shariff-text\">teilen<\/span>&nbsp;<\/a><\/li><li class=\"shariff-button mailto shariff-nocustomcolor\" style=\"background-color:#a8a8a8\"><a href=\"mailto:?body=https%3A%2F%2Fwww.geh8.de%2Fen%2F5-verstaerker-kunst-film-festival%2F&subject=Extend%21%205th%20Verst%C3%A4rker%20Kunst-Film-Festival%3A%20Call%20for%20Entries\" title=\"Per E-Mail versenden\" aria-label=\"Per E-Mail versenden\" role=\"button\" rel=\"noopener nofollow\" class=\"shariff-link\" style=\"; background-color:#999; color:#fff\"><span class=\"shariff-icon\" style=\"\"><svg width=\"32px\" height=\"20px\" xmlns=\"http:\/\/www.w3.org\/2000\/svg\" viewBox=\"0 0 32 32\"><path fill=\"#999\" d=\"M32 12.7v14.2q0 1.2-0.8 2t-2 0.9h-26.3q-1.2 0-2-0.9t-0.8-2v-14.2q0.8 0.9 1.8 1.6 6.5 4.4 8.9 6.1 1 0.8 1.6 1.2t1.7 0.9 2 0.4h0.1q0.9 0 2-0.4t1.7-0.9 1.6-1.2q3-2.2 8.9-6.1 1-0.7 1.8-1.6zM32 7.4q0 1.4-0.9 2.7t-2.2 2.2q-6.7 4.7-8.4 5.8-0.2 0.1-0.7 0.5t-1 0.7-0.9 0.6-1.1 0.5-0.9 0.2h-0.1q-0.4 0-0.9-0.2t-1.1-0.5-0.9-0.6-1-0.7-0.7-0.5q-1.6-1.1-4.7-3.2t-3.6-2.6q-1.1-0.7-2.1-2t-1-2.5q0-1.4 0.7-2.3t2.1-0.9h26.3q1.2 0 2 0.8t0.9 2z\"\/><\/svg><\/span><span class=\"shariff-text\">E-Mail<\/span>&nbsp;<\/a><\/li><\/ul><\/div>","protected":false},"excerpt":{"rendered":"<p>On the 7th of October the GEH8 Art and Culture Center in Dresden will host [&hellip;]<\/p>\n","protected":false},"author":19,"featured_media":11630,"comment_status":"open","ping_status":"open","sticky":false,"template":"","format":[27],"meta":{"_acf_changed":false,"ngg_post_thumbnail":0,"footnotes":""},"categories":[14,36],"tags":[],"acf":[],"yoast_head":"<!-- This site is optimized with the Yoast SEO plugin v23.0 - https:\/\/yoast.com\/wordpress\/plugins\/seo\/ -->\n<title>Extend! 5th Verst\u00e4rker Kunst-Film-Festival: Call for Entries - GEH8 Kunst Raum Ateliers gUG | Dresden<\/title>\n<meta name=\"robots\" content=\"index, follow, max-snippet:-1, max-image-preview:large, max-video-preview:-1\" \/>\n<link rel=\"canonical\" href=\"https:\/\/www.geh8.de\/5-verstaerker-kunst-film-festival\/\" \/>\n<meta property=\"og:locale\" content=\"en_GB\" \/>\n<meta property=\"og:locale:alternate\" content=\"de_DE\" \/>\n<meta property=\"og:type\" content=\"article\" \/>\n<meta property=\"og:title\" content=\"Extend! 5th Verst\u00e4rker Kunst-Film-Festival: Call for Entries\" \/>\n<meta property=\"og:description\" content=\"On the 7th of October the GEH8 Art and Culture Center in Dresden will host [&hellip;]\" \/>\n<meta property=\"og:url\" content=\"https:\/\/www.geh8.de\/en\/5-verstaerker-kunst-film-festival\/\" \/>\n<meta property=\"og:site_name\" content=\"GEH8 Kunst Raum Ateliers gUG | Dresden\" \/>\n<meta property=\"article:publisher\" content=\"https:\/\/www.facebook.com\/Geh8Kunstraum\/\" \/>\n<meta property=\"article:published_time\" content=\"2023-07-21T11:12:06+00:00\" \/>\n<meta property=\"article:modified_time\" content=\"2023-11-06T08:50:56+00:00\" \/>\n<meta property=\"og:image\" content=\"https:\/\/www.geh8.de\/page\/wp-content\/uploads\/2023\/05\/pic-159-scaled.jpg\" \/>\n\t<meta property=\"og:image:width\" content=\"2560\" \/>\n\t<meta property=\"og:image:height\" content=\"1707\" \/>\n\t<meta property=\"og:image:type\" content=\"image\/jpeg\" \/>\n<meta name=\"author\" content=\"Tiziana Foit\" \/>\n<meta name=\"twitter:card\" content=\"summary_large_image\" \/>\n<meta name=\"twitter:label1\" content=\"Written by\" \/>\n\t<meta name=\"twitter:data1\" content=\"Tiziana Foit\" \/>\n\t<meta name=\"twitter:label2\" content=\"Estimated reading time\" \/>\n\t<meta name=\"twitter:data2\" content=\"3 minutes\" \/>\n<script type=\"application\/ld+json\" class=\"yoast-schema-graph\">{\"@context\":\"https:\/\/schema.org\",\"@graph\":[{\"@type\":\"Article\",\"@id\":\"https:\/\/www.geh8.de\/5-verstaerker-kunst-film-festival\/#article\",\"isPartOf\":{\"@id\":\"https:\/\/www.geh8.de\/5-verstaerker-kunst-film-festival\/\"},\"author\":{\"name\":\"Tiziana Foit\",\"@id\":\"https:\/\/www.geh8.de\/#\/schema\/person\/4250b9c5c527cedf9dc80637dfcbe537\"},\"headline\":\"Extend! 5th Verst\u00e4rker Kunst-Film-Festival: Call for Entries\",\"datePublished\":\"2023-07-21T11:12:06+00:00\",\"dateModified\":\"2023-11-06T08:50:56+00:00\",\"mainEntityOfPage\":{\"@id\":\"https:\/\/www.geh8.de\/5-verstaerker-kunst-film-festival\/\"},\"wordCount\":813,\"commentCount\":0,\"publisher\":{\"@id\":\"https:\/\/www.geh8.de\/#organization\"},\"image\":{\"@id\":\"https:\/\/www.geh8.de\/5-verstaerker-kunst-film-festival\/#primaryimage\"},\"thumbnailUrl\":\"https:\/\/www.geh8.de\/page\/wp-content\/uploads\/2023\/05\/pic-159-scaled.jpg\",\"articleSection\":[\"Info\",\"Festival\"],\"inLanguage\":\"en-GB\",\"potentialAction\":[{\"@type\":\"CommentAction\",\"name\":\"Comment\",\"target\":[\"https:\/\/www.geh8.de\/5-verstaerker-kunst-film-festival\/#respond\"]}]},{\"@type\":\"WebPage\",\"@id\":\"https:\/\/www.geh8.de\/5-verstaerker-kunst-film-festival\/\",\"url\":\"https:\/\/www.geh8.de\/5-verstaerker-kunst-film-festival\/\",\"name\":\"Extend! 5th Verst\u00e4rker Kunst-Film-Festival: Call for Entries\",\"isPartOf\":{\"@id\":\"https:\/\/www.geh8.de\/#website\"},\"primaryImageOfPage\":{\"@id\":\"https:\/\/www.geh8.de\/5-verstaerker-kunst-film-festival\/#primaryimage\"},\"image\":{\"@id\":\"https:\/\/www.geh8.de\/5-verstaerker-kunst-film-festival\/#primaryimage\"},\"thumbnailUrl\":\"https:\/\/www.geh8.de\/page\/wp-content\/uploads\/2023\/05\/pic-159-scaled.jpg\",\"datePublished\":\"2023-07-21T11:12:06+00:00\",\"dateModified\":\"2023-11-06T08:50:56+00:00\",\"breadcrumb\":{\"@id\":\"https:\/\/www.geh8.de\/5-verstaerker-kunst-film-festival\/#breadcrumb\"},\"inLanguage\":\"en-GB\",\"potentialAction\":[{\"@type\":\"ReadAction\",\"target\":[\"https:\/\/www.geh8.de\/5-verstaerker-kunst-film-festival\/\"]}]},{\"@type\":\"ImageObject\",\"inLanguage\":\"en-GB\",\"@id\":\"https:\/\/www.geh8.de\/5-verstaerker-kunst-film-festival\/#primaryimage\",\"url\":\"https:\/\/www.geh8.de\/page\/wp-content\/uploads\/2023\/05\/pic-159-scaled.jpg\",\"contentUrl\":\"https:\/\/www.geh8.de\/page\/wp-content\/uploads\/2023\/05\/pic-159-scaled.jpg\",\"width\":2560,\"height\":1707},{\"@type\":\"BreadcrumbList\",\"@id\":\"https:\/\/www.geh8.de\/5-verstaerker-kunst-film-festival\/#breadcrumb\",\"itemListElement\":[{\"@type\":\"ListItem\",\"position\":1,\"name\":\"Startseite\",\"item\":\"https:\/\/www.geh8.de\/\"},{\"@type\":\"ListItem\",\"position\":2,\"name\":\"Verl\u00e4ngerung! 5. Verst\u00e4rker Kunst-Film-Festival: Ausschreibung\"}]},{\"@type\":\"WebSite\",\"@id\":\"https:\/\/www.geh8.de\/#website\",\"url\":\"https:\/\/www.geh8.de\/\",\"name\":\"GEH8 Kunst Raum Ateliers gUG | Dresden\",\"description\":\"Geh8 is a non-profit association in Dresden to foster contemporary art\",\"publisher\":{\"@id\":\"https:\/\/www.geh8.de\/#organization\"},\"potentialAction\":[{\"@type\":\"SearchAction\",\"target\":{\"@type\":\"EntryPoint\",\"urlTemplate\":\"https:\/\/www.geh8.de\/?s={search_term_string}\"},\"query-input\":\"required name=search_term_string\"}],\"inLanguage\":\"en-GB\"},{\"@type\":\"Organization\",\"@id\":\"https:\/\/www.geh8.de\/#organization\",\"name\":\"geh8\",\"url\":\"https:\/\/www.geh8.de\/\",\"logo\":{\"@type\":\"ImageObject\",\"inLanguage\":\"en-GB\",\"@id\":\"https:\/\/www.geh8.de\/#\/schema\/logo\/image\/\",\"url\":\"https:\/\/www.geh8.de\/page\/wp-content\/uploads\/2018\/06\/Logo_GEH8_neu_Icon_sbg.png\",\"contentUrl\":\"https:\/\/www.geh8.de\/page\/wp-content\/uploads\/2018\/06\/Logo_GEH8_neu_Icon_sbg.png\",\"width\":164,\"height\":145,\"caption\":\"geh8\"},\"image\":{\"@id\":\"https:\/\/www.geh8.de\/#\/schema\/logo\/image\/\"},\"sameAs\":[\"https:\/\/www.facebook.com\/Geh8Kunstraum\/\",\"https:\/\/www.instagram.com\/geh8kunstraum\/\"]},{\"@type\":\"Person\",\"@id\":\"https:\/\/www.geh8.de\/#\/schema\/person\/4250b9c5c527cedf9dc80637dfcbe537\",\"name\":\"Tiziana Foit\"}]}<\/script>\n<!-- \/ Yoast SEO plugin. -->","yoast_head_json":{"title":"Extend! 5th Verst\u00e4rker Kunst-Film-Festival: Call for Entries - GEH8 Kunst Raum Ateliers gUG | Dresden","robots":{"index":"index","follow":"follow","max-snippet":"max-snippet:-1","max-image-preview":"max-image-preview:large","max-video-preview":"max-video-preview:-1"},"canonical":"https:\/\/www.geh8.de\/5-verstaerker-kunst-film-festival\/","og_locale":"en_GB","og_type":"article","og_title":"[:en]Extend! 5th Verst\u00e4rker Kunst-Film-Festival: Call for Entries[:de]Verl\u00e4ngerung! 5. Verst\u00e4rker Kunst-Film-Festival: Ausschreibung[:] - GEH8 Kunst Raum Ateliers gUG | Dresden","og_description":"On the 7th of October the GEH8 Art and Culture Center in Dresden will host [&hellip;]","og_url":"https:\/\/www.geh8.de\/en\/5-verstaerker-kunst-film-festival\/","og_site_name":"GEH8 Kunst Raum Ateliers gUG | Dresden","article_publisher":"https:\/\/www.facebook.com\/Geh8Kunstraum\/","article_published_time":"2023-07-21T11:12:06+00:00","article_modified_time":"2023-11-06T08:50:56+00:00","og_image":[{"width":2560,"height":1707,"url":"https:\/\/www.geh8.de\/page\/wp-content\/uploads\/2023\/05\/pic-159-scaled.jpg","type":"image\/jpeg"}],"author":"Tiziana Foit","twitter_card":"summary_large_image","twitter_misc":{"Written by":"Tiziana Foit","Estimated reading time":"3 minutes"},"schema":{"@context":"https:\/\/schema.org","@graph":[{"@type":"Article","@id":"https:\/\/www.geh8.de\/5-verstaerker-kunst-film-festival\/#article","isPartOf":{"@id":"https:\/\/www.geh8.de\/5-verstaerker-kunst-film-festival\/"},"author":{"name":"Tiziana Foit","@id":"https:\/\/www.geh8.de\/#\/schema\/person\/4250b9c5c527cedf9dc80637dfcbe537"},"headline":"Extend! 5th Verst\u00e4rker Kunst-Film-Festival: Call for Entries","datePublished":"2023-07-21T11:12:06+00:00","dateModified":"2023-11-06T08:50:56+00:00","mainEntityOfPage":{"@id":"https:\/\/www.geh8.de\/5-verstaerker-kunst-film-festival\/"},"wordCount":813,"commentCount":0,"publisher":{"@id":"https:\/\/www.geh8.de\/#organization"},"image":{"@id":"https:\/\/www.geh8.de\/5-verstaerker-kunst-film-festival\/#primaryimage"},"thumbnailUrl":"https:\/\/www.geh8.de\/page\/wp-content\/uploads\/2023\/05\/pic-159-scaled.jpg","articleSection":["Info","Festival"],"inLanguage":"en-GB","potentialAction":[{"@type":"CommentAction","name":"Comment","target":["https:\/\/www.geh8.de\/5-verstaerker-kunst-film-festival\/#respond"]}]},{"@type":"WebPage","@id":"https:\/\/www.geh8.de\/5-verstaerker-kunst-film-festival\/","url":"https:\/\/www.geh8.de\/5-verstaerker-kunst-film-festival\/","name":"Extend! 5th Verst\u00e4rker Kunst-Film-Festival: Call for Entries","isPartOf":{"@id":"https:\/\/www.geh8.de\/#website"},"primaryImageOfPage":{"@id":"https:\/\/www.geh8.de\/5-verstaerker-kunst-film-festival\/#primaryimage"},"image":{"@id":"https:\/\/www.geh8.de\/5-verstaerker-kunst-film-festival\/#primaryimage"},"thumbnailUrl":"https:\/\/www.geh8.de\/page\/wp-content\/uploads\/2023\/05\/pic-159-scaled.jpg","datePublished":"2023-07-21T11:12:06+00:00","dateModified":"2023-11-06T08:50:56+00:00","breadcrumb":{"@id":"https:\/\/www.geh8.de\/5-verstaerker-kunst-film-festival\/#breadcrumb"},"inLanguage":"en-GB","potentialAction":[{"@type":"ReadAction","target":["https:\/\/www.geh8.de\/5-verstaerker-kunst-film-festival\/"]}]},{"@type":"ImageObject","inLanguage":"en-GB","@id":"https:\/\/www.geh8.de\/5-verstaerker-kunst-film-festival\/#primaryimage","url":"https:\/\/www.geh8.de\/page\/wp-content\/uploads\/2023\/05\/pic-159-scaled.jpg","contentUrl":"https:\/\/www.geh8.de\/page\/wp-content\/uploads\/2023\/05\/pic-159-scaled.jpg","width":2560,"height":1707},{"@type":"BreadcrumbList","@id":"https:\/\/www.geh8.de\/5-verstaerker-kunst-film-festival\/#breadcrumb","itemListElement":[{"@type":"ListItem","position":1,"name":"Startseite","item":"https:\/\/www.geh8.de\/"},{"@type":"ListItem","position":2,"name":"Verl\u00e4ngerung! 5. Verst\u00e4rker Kunst-Film-Festival: Ausschreibung"}]},{"@type":"WebSite","@id":"https:\/\/www.geh8.de\/#website","url":"https:\/\/www.geh8.de\/","name":"GEH8 Kunst Raum Ateliers gUG | Dresden","description":"Geh8 is a non-profit association in Dresden to foster contemporary art","publisher":{"@id":"https:\/\/www.geh8.de\/#organization"},"potentialAction":[{"@type":"SearchAction","target":{"@type":"EntryPoint","urlTemplate":"https:\/\/www.geh8.de\/?s={search_term_string}"},"query-input":"required name=search_term_string"}],"inLanguage":"en-GB"},{"@type":"Organization","@id":"https:\/\/www.geh8.de\/#organization","name":"geh8","url":"https:\/\/www.geh8.de\/","logo":{"@type":"ImageObject","inLanguage":"en-GB","@id":"https:\/\/www.geh8.de\/#\/schema\/logo\/image\/","url":"https:\/\/www.geh8.de\/page\/wp-content\/uploads\/2018\/06\/Logo_GEH8_neu_Icon_sbg.png","contentUrl":"https:\/\/www.geh8.de\/page\/wp-content\/uploads\/2018\/06\/Logo_GEH8_neu_Icon_sbg.png","width":164,"height":145,"caption":"geh8"},"image":{"@id":"https:\/\/www.geh8.de\/#\/schema\/logo\/image\/"},"sameAs":["https:\/\/www.facebook.com\/Geh8Kunstraum\/","https:\/\/www.instagram.com\/geh8kunstraum\/"]},{"@type":"Person","@id":"https:\/\/www.geh8.de\/#\/schema\/person\/4250b9c5c527cedf9dc80637dfcbe537","name":"Tiziana Foit"}]}},"_links":{"self":[{"href":"https:\/\/www.geh8.de\/en\/wp-json\/wp\/v2\/posts\/11629"}],"collection":[{"href":"https:\/\/www.geh8.de\/en\/wp-json\/wp\/v2\/posts"}],"about":[{"href":"https:\/\/www.geh8.de\/en\/wp-json\/wp\/v2\/types\/post"}],"author":[{"embeddable":true,"href":"https:\/\/www.geh8.de\/en\/wp-json\/wp\/v2\/users\/19"}],"replies":[{"embeddable":true,"href":"https:\/\/www.geh8.de\/en\/wp-json\/wp\/v2\/comments?post=11629"}],"version-history":[{"count":1,"href":"https:\/\/www.geh8.de\/en\/wp-json\/wp\/v2\/posts\/11629\/revisions"}],"predecessor-version":[{"id":12185,"href":"https:\/\/www.geh8.de\/en\/wp-json\/wp\/v2\/posts\/11629\/revisions\/12185"}],"wp:featuredmedia":[{"embeddable":true,"href":"https:\/\/www.geh8.de\/en\/wp-json\/wp\/v2\/media\/11630"}],"wp:attachment":[{"href":"https:\/\/www.geh8.de\/en\/wp-json\/wp\/v2\/media?parent=11629"}],"wp:term":[{"taxonomy":"category","embeddable":true,"href":"https:\/\/www.geh8.de\/en\/wp-json\/wp\/v2\/categories?post=11629"},{"taxonomy":"post_tag","embeddable":true,"href":"https:\/\/www.geh8.de\/en\/wp-json\/wp\/v2\/tags?post=11629"},{"taxonomy":"format","embeddable":true,"href":"https:\/\/www.geh8.de\/en\/wp-json\/wp\/v2\/format?post=11629"}],"curies":[{"name":"wp","href":"https:\/\/api.w.org\/{rel}","templated":true}]}}