{"id":10961,"date":"2022-08-16T22:30:34","date_gmt":"2022-08-16T20:30:34","guid":{"rendered":"https:\/\/www.geh8.de\/?p=10961"},"modified":"2022-09-13T14:27:08","modified_gmt":"2022-09-13T12:27:08","slug":"fete-macht-mobil-das-open-air-vor-deiner-haustuer-2","status":"publish","type":"post","link":"https:\/\/www.geh8.de\/en\/fete-macht-mobil-das-open-air-vor-deiner-haustuer-2\/","title":{"rendered":"F\u00eate macht mobil! The Open-Air at your doorstep."},"content":{"rendered":"<p><strong>F\u00eate makes mobile! On September 09 and 10, it&#8217;s F\u00eate macht mobil again! &#8211; The two-day festival brings local and international acts right to your doorstep in Gorbitz and Pieschen.<\/strong><\/p>\n<p>The F\u00eate de la Musique has long been known and loved beyond the French borders. The basic idea of the event is simple: Music &#8211; for free and outside &#8211; the more diverse, the better, it is traditionally said worldwide on June 21. The F\u00eate also has its place in Dresden: Since 2016, Kultur Aktiv e.V. has organized the open-air &#8220;F\u00eate de la Musique meets Europe&#8221; on Dresden&#8217;s Neumarkt together with the state capital Dresden and the Institut fran\u00e7ais Dresden. Last year we tried a new concept and were guests in Prohlis and Pieschen.<\/p>\n<p>&nbsp;<\/p>\n<p>&#8230;save the date!<\/p>\n<p><strong>When:<\/strong> Friday, September 9, 2022<br \/>\n<strong>Where:<\/strong> Gorbitz, Amalie-Dietrich-Platz, Dresden<\/p>\n<h3>PROGRAM<\/h3>\n<p>17:00 | <a href=\"https:\/\/www.timezone-records.com\/kuenstler\/details\/firlefanz-und-grete\/\"><span>Firlefanz &#038; Grete<\/span><\/a><br \/>\n18:30 | <a href=\"https:\/\/www.ju-music.de\/\"><span>Ju von D\u00f6lzschen<\/span><\/a><br \/>\n20:00 | <a href=\"https:\/\/www.instagram.com\/alice_boss_martin\/\"><span>\u00c4LICE<\/span><\/a><\/p>\n<p>&nbsp;<\/p>\n<p><strong>When:<\/strong> Saturday, September 10, 2022<br \/>\n<strong>Where:<\/strong> Pieschen, GEH8<\/p>\n<p>14:30 | <a href=\"http:\/\/miss-hopkins.de\/#xl_xr_page_miss%20hopkins\"><span>Miss Hopkins \u2013 Das zaubernde Kinderm\u00e4dchen<\/span><\/a><br \/>\n15:45 | <a href=\"https:\/\/soundcloud.com\/the_equipment\"><span>The Equipment<\/span><\/a><br \/>\n17:00 | <a href=\"https:\/\/seauvolant.de\/\"><span>Seau Volant<\/span><\/a><br \/>\n18:00 | <a href=\"https:\/\/www.instagram.com\/la.rey\/\"><span>La Rey<\/span><\/a><br \/>\n18:45 | <a href=\"https:\/\/jocarap.de\/\"><span>Joca &#038; Franzman<\/span><\/a> (Neust\u00e4dter Harz)<br \/>\n20:00 | <a href=\"https:\/\/www.dieukrainiens.com\/\"><span>Die Ukrainiens<\/span><\/a><\/p>\n<p>&nbsp;<\/p>\n<p><a href=\"https:\/\/kulturaktiv.org\/fetemachtmobile\/?utm_source=mailpoet&#038;utm_medium=email&#038;utm_campaign=kultur-aktiv-nuslatta-aug022\"><span>More info here<\/span><\/a><\/p>\n<p>&nbsp;<\/p>\n<p><em>The project &#8220;F\u00eate macht mobil! &#8211; The open air on your doorstep&#8221; is sponsored by the Office for Culture and Monument Protection of the state capital Dresden. Organized by Kultur Aktiv e. V. in cooperation with the Institut fran\u00e7ais Dresden.<\/em><\/p>\n<p><em>Thanks to all sponsors &#038; partners: City of Dresden, Eurometropole Strasbourg, Prohliszentrum Dresden, Quartiersmanagement Prohlis, Zu Hause in Prohlis e.V..<\/em><\/p>\n<p><img loading=\"lazy\" decoding=\"async\" class=\"alignnone size-large wp-image-8601\" src=\"https:\/\/www.geh8.de\/page\/wp-content\/uploads\/2021\/08\/Unbenannt-1024x90.png\" sizes=\"(max-width: 1024px) 100vw, 1024px\" srcset=\"https:\/\/www.geh8.de\/page\/wp-content\/uploads\/2021\/08\/Unbenannt-1024x90.png 1024w, https:\/\/www.geh8.de\/page\/wp-content\/uploads\/2021\/08\/Unbenannt-100x9.png 100w, https:\/\/www.geh8.de\/page\/wp-content\/uploads\/2021\/08\/Unbenannt-80x7.png 80w, https:\/\/www.geh8.de\/page\/wp-content\/uploads\/2021\/08\/Unbenannt-768x68.png 768w, https:\/\/www.geh8.de\/page\/wp-content\/uploads\/2021\/08\/Unbenannt-1536x135.png 1536w, https:\/\/www.geh8.de\/page\/wp-content\/uploads\/2021\/08\/Unbenannt.png 1750w\" alt=\"\" width=\"1024\" height=\"90\"><\/p>\n<p>&nbsp;<\/p>\n<div class=\"shariff shariff-align-center shariff-widget-align-center\"><ul class=\"shariff-buttons theme-default orientation-horizontal buttonsize-medium\"><li class=\"shariff-button whatsapp shariff-nocustomcolor\" style=\"background-color:#5cbe4a\"><a href=\"https:\/\/api.whatsapp.com\/send?text=https%3A%2F%2Fwww.geh8.de%2Fen%2Ffete-macht-mobil-das-open-air-vor-deiner-haustuer-2%2F%20F%C3%AAte%20macht%20mobil%21%20The%20Open-Air%20at%20your%20doorstep.\" title=\"Bei Whatsapp teilen\" aria-label=\"Bei Whatsapp teilen\" role=\"button\" rel=\"noopener nofollow\" class=\"shariff-link\" style=\"; background-color:#34af23; color:#fff\" target=\"_blank\"><span class=\"shariff-icon\" style=\"\"><svg width=\"32px\" height=\"20px\" xmlns=\"http:\/\/www.w3.org\/2000\/svg\" viewBox=\"0 0 32 32\"><path fill=\"#34af23\" d=\"M17.6 17.4q0.2 0 1.7 0.8t1.6 0.9q0 0.1 0 0.3 0 0.6-0.3 1.4-0.3 0.7-1.3 1.2t-1.8 0.5q-1 0-3.4-1.1-1.7-0.8-3-2.1t-2.6-3.3q-1.3-1.9-1.3-3.5v-0.1q0.1-1.6 1.3-2.8 0.4-0.4 0.9-0.4 0.1 0 0.3 0t0.3 0q0.3 0 0.5 0.1t0.3 0.5q0.1 0.4 0.6 1.6t0.4 1.3q0 0.4-0.6 1t-0.6 0.8q0 0.1 0.1 0.3 0.6 1.3 1.8 2.4 1 0.9 2.7 1.8 0.2 0.1 0.4 0.1 0.3 0 1-0.9t0.9-0.9zM14 26.9q2.3 0 4.3-0.9t3.6-2.4 2.4-3.6 0.9-4.3-0.9-4.3-2.4-3.6-3.6-2.4-4.3-0.9-4.3 0.9-3.6 2.4-2.4 3.6-0.9 4.3q0 3.6 2.1 6.6l-1.4 4.2 4.3-1.4q2.8 1.9 6.2 1.9zM14 2.2q2.7 0 5.2 1.1t4.3 2.9 2.9 4.3 1.1 5.2-1.1 5.2-2.9 4.3-4.3 2.9-5.2 1.1q-3.5 0-6.5-1.7l-7.4 2.4 2.4-7.2q-1.9-3.2-1.9-6.9 0-2.7 1.1-5.2t2.9-4.3 4.3-2.9 5.2-1.1z\"\/><\/svg><\/span><span class=\"shariff-text\">teilen<\/span>&nbsp;<\/a><\/li><li class=\"shariff-button telegram shariff-nocustomcolor\" style=\"background-color:#4084A6\"><a href=\"https:\/\/telegram.me\/share\/url?url=https%3A%2F%2Fwww.geh8.de%2Fen%2Ffete-macht-mobil-das-open-air-vor-deiner-haustuer-2%2F&text=F%C3%AAte%20macht%20mobil%21%20The%20Open-Air%20at%20your%20doorstep.\" title=\"Bei Telegram teilen\" aria-label=\"Bei Telegram teilen\" role=\"button\" rel=\"noopener nofollow\" class=\"shariff-link\" style=\"; background-color:#0088cc; color:#fff\" target=\"_blank\"><span class=\"shariff-icon\" style=\"\"><svg width=\"32px\" height=\"20px\" xmlns=\"http:\/\/www.w3.org\/2000\/svg\" viewBox=\"0 0 32 32\"><path fill=\"#0088cc\" d=\"M30.8 6.5l-4.5 21.4c-.3 1.5-1.2 1.9-2.5 1.2L16.9 24l-3.3 3.2c-.4.4-.7.7-1.4.7l.5-7L25.5 9.2c.6-.5-.1-.8-.9-.3l-15.8 10L2 16.7c-1.5-.5-1.5-1.5.3-2.2L28.9 4.3c1.3-.5 2.3.3 1.9 2.2z\"\/><\/svg><\/span><span class=\"shariff-text\">teilen<\/span>&nbsp;<\/a><\/li><li class=\"shariff-button facebook shariff-nocustomcolor\" style=\"background-color:#4273c8\"><a href=\"https:\/\/www.facebook.com\/sharer\/sharer.php?u=https%3A%2F%2Fwww.geh8.de%2Fen%2Ffete-macht-mobil-das-open-air-vor-deiner-haustuer-2%2F\" title=\"Bei Facebook teilen\" aria-label=\"Bei Facebook teilen\" role=\"button\" rel=\"nofollow\" class=\"shariff-link\" style=\"; background-color:#3b5998; color:#fff\" target=\"_blank\"><span class=\"shariff-icon\" style=\"\"><svg width=\"32px\" height=\"20px\" xmlns=\"http:\/\/www.w3.org\/2000\/svg\" viewBox=\"0 0 18 32\"><path fill=\"#3b5998\" d=\"M17.1 0.2v4.7h-2.8q-1.5 0-2.1 0.6t-0.5 1.9v3.4h5.2l-0.7 5.3h-4.5v13.6h-5.5v-13.6h-4.5v-5.3h4.5v-3.9q0-3.3 1.9-5.2t5-1.8q2.6 0 4.1 0.2z\"\/><\/svg><\/span><span class=\"shariff-text\">teilen<\/span>&nbsp;<\/a><\/li><li class=\"shariff-button mailto shariff-nocustomcolor\" style=\"background-color:#a8a8a8\"><a href=\"mailto:?body=https%3A%2F%2Fwww.geh8.de%2Fen%2Ffete-macht-mobil-das-open-air-vor-deiner-haustuer-2%2F&subject=F%C3%AAte%20macht%20mobil%21%20The%20Open-Air%20at%20your%20doorstep.\" title=\"Per E-Mail versenden\" aria-label=\"Per E-Mail versenden\" role=\"button\" rel=\"noopener nofollow\" class=\"shariff-link\" style=\"; background-color:#999; color:#fff\"><span class=\"shariff-icon\" style=\"\"><svg width=\"32px\" height=\"20px\" xmlns=\"http:\/\/www.w3.org\/2000\/svg\" viewBox=\"0 0 32 32\"><path fill=\"#999\" d=\"M32 12.7v14.2q0 1.2-0.8 2t-2 0.9h-26.3q-1.2 0-2-0.9t-0.8-2v-14.2q0.8 0.9 1.8 1.6 6.5 4.4 8.9 6.1 1 0.8 1.6 1.2t1.7 0.9 2 0.4h0.1q0.9 0 2-0.4t1.7-0.9 1.6-1.2q3-2.2 8.9-6.1 1-0.7 1.8-1.6zM32 7.4q0 1.4-0.9 2.7t-2.2 2.2q-6.7 4.7-8.4 5.8-0.2 0.1-0.7 0.5t-1 0.7-0.9 0.6-1.1 0.5-0.9 0.2h-0.1q-0.4 0-0.9-0.2t-1.1-0.5-0.9-0.6-1-0.7-0.7-0.5q-1.6-1.1-4.7-3.2t-3.6-2.6q-1.1-0.7-2.1-2t-1-2.5q0-1.4 0.7-2.3t2.1-0.9h26.3q1.2 0 2 0.8t0.9 2z\"\/><\/svg><\/span><span class=\"shariff-text\">E-Mail<\/span>&nbsp;<\/a><\/li><\/ul><\/div>","protected":false},"excerpt":{"rendered":"<p>F\u00eate makes mobile! On September 09 and 10, it&#8217;s F\u00eate macht mobil again! &#8211; The [&hellip;]<\/p>\n","protected":false},"author":19,"featured_media":10972,"comment_status":"open","ping_status":"open","sticky":false,"template":"","format":[27],"meta":{"_acf_changed":false,"ngg_post_thumbnail":0,"footnotes":""},"categories":[36],"tags":[],"acf":[],"yoast_head":"<!-- This site is optimized with the Yoast SEO plugin v23.0 - https:\/\/yoast.com\/wordpress\/plugins\/seo\/ -->\n<title>F\u00eate macht mobil! The Open-Air at your doorstep. - GEH8 Kunst Raum Ateliers gUG | Dresden<\/title>\n<meta name=\"robots\" content=\"index, follow, max-snippet:-1, max-image-preview:large, max-video-preview:-1\" \/>\n<link rel=\"canonical\" href=\"https:\/\/www.geh8.de\/fete-macht-mobil-das-open-air-vor-deiner-haustuer-2\/\" \/>\n<meta property=\"og:locale\" content=\"en_GB\" \/>\n<meta property=\"og:locale:alternate\" content=\"de_DE\" \/>\n<meta property=\"og:type\" content=\"article\" \/>\n<meta property=\"og:title\" content=\"F\u00eate macht mobil! The Open-Air at your doorstep.\" \/>\n<meta property=\"og:description\" content=\"F\u00eate makes mobile! On September 09 and 10, it&#8217;s F\u00eate macht mobil again! &#8211; The [&hellip;]\" \/>\n<meta property=\"og:url\" content=\"https:\/\/www.geh8.de\/en\/fete-macht-mobil-das-open-air-vor-deiner-haustuer-2\/\" \/>\n<meta property=\"og:site_name\" content=\"GEH8 Kunst Raum Ateliers gUG | Dresden\" \/>\n<meta property=\"article:publisher\" content=\"https:\/\/www.facebook.com\/Geh8Kunstraum\/\" \/>\n<meta property=\"article:published_time\" content=\"2022-08-16T20:30:34+00:00\" \/>\n<meta property=\"article:modified_time\" content=\"2022-09-13T12:27:08+00:00\" \/>\n<meta property=\"og:image\" content=\"https:\/\/www.geh8.de\/page\/wp-content\/uploads\/2022\/08\/FeteMobil-header-2022.png\" \/>\n\t<meta property=\"og:image:width\" content=\"2000\" \/>\n\t<meta property=\"og:image:height\" content=\"1120\" \/>\n\t<meta property=\"og:image:type\" content=\"image\/png\" \/>\n<meta name=\"author\" content=\"Tiziana Foit\" \/>\n<meta name=\"twitter:card\" content=\"summary_large_image\" \/>\n<meta name=\"twitter:label1\" content=\"Written by\" \/>\n\t<meta name=\"twitter:data1\" content=\"Tiziana Foit\" \/>\n\t<meta name=\"twitter:label2\" content=\"Estimated reading time\" \/>\n\t<meta name=\"twitter:data2\" content=\"2 minutes\" \/>\n<script type=\"application\/ld+json\" class=\"yoast-schema-graph\">{\"@context\":\"https:\/\/schema.org\",\"@graph\":[{\"@type\":\"Article\",\"@id\":\"https:\/\/www.geh8.de\/fete-macht-mobil-das-open-air-vor-deiner-haustuer-2\/#article\",\"isPartOf\":{\"@id\":\"https:\/\/www.geh8.de\/fete-macht-mobil-das-open-air-vor-deiner-haustuer-2\/\"},\"author\":{\"name\":\"Tiziana Foit\",\"@id\":\"https:\/\/www.geh8.de\/#\/schema\/person\/4250b9c5c527cedf9dc80637dfcbe537\"},\"headline\":\"F\u00eate macht mobil! The Open-Air at your doorstep.\",\"datePublished\":\"2022-08-16T20:30:34+00:00\",\"dateModified\":\"2022-09-13T12:27:08+00:00\",\"mainEntityOfPage\":{\"@id\":\"https:\/\/www.geh8.de\/fete-macht-mobil-das-open-air-vor-deiner-haustuer-2\/\"},\"wordCount\":517,\"commentCount\":0,\"publisher\":{\"@id\":\"https:\/\/www.geh8.de\/#organization\"},\"image\":{\"@id\":\"https:\/\/www.geh8.de\/fete-macht-mobil-das-open-air-vor-deiner-haustuer-2\/#primaryimage\"},\"thumbnailUrl\":\"https:\/\/www.geh8.de\/page\/wp-content\/uploads\/2022\/08\/FeteMobil-header-2022.png\",\"articleSection\":[\"Festival\"],\"inLanguage\":\"en-GB\",\"potentialAction\":[{\"@type\":\"CommentAction\",\"name\":\"Comment\",\"target\":[\"https:\/\/www.geh8.de\/fete-macht-mobil-das-open-air-vor-deiner-haustuer-2\/#respond\"]}]},{\"@type\":\"WebPage\",\"@id\":\"https:\/\/www.geh8.de\/fete-macht-mobil-das-open-air-vor-deiner-haustuer-2\/\",\"url\":\"https:\/\/www.geh8.de\/fete-macht-mobil-das-open-air-vor-deiner-haustuer-2\/\",\"name\":\"F\u00eate macht mobil! The Open-Air at your doorstep.\",\"isPartOf\":{\"@id\":\"https:\/\/www.geh8.de\/#website\"},\"primaryImageOfPage\":{\"@id\":\"https:\/\/www.geh8.de\/fete-macht-mobil-das-open-air-vor-deiner-haustuer-2\/#primaryimage\"},\"image\":{\"@id\":\"https:\/\/www.geh8.de\/fete-macht-mobil-das-open-air-vor-deiner-haustuer-2\/#primaryimage\"},\"thumbnailUrl\":\"https:\/\/www.geh8.de\/page\/wp-content\/uploads\/2022\/08\/FeteMobil-header-2022.png\",\"datePublished\":\"2022-08-16T20:30:34+00:00\",\"dateModified\":\"2022-09-13T12:27:08+00:00\",\"breadcrumb\":{\"@id\":\"https:\/\/www.geh8.de\/fete-macht-mobil-das-open-air-vor-deiner-haustuer-2\/#breadcrumb\"},\"inLanguage\":\"en-GB\",\"potentialAction\":[{\"@type\":\"ReadAction\",\"target\":[\"https:\/\/www.geh8.de\/fete-macht-mobil-das-open-air-vor-deiner-haustuer-2\/\"]}]},{\"@type\":\"ImageObject\",\"inLanguage\":\"en-GB\",\"@id\":\"https:\/\/www.geh8.de\/fete-macht-mobil-das-open-air-vor-deiner-haustuer-2\/#primaryimage\",\"url\":\"https:\/\/www.geh8.de\/page\/wp-content\/uploads\/2022\/08\/FeteMobil-header-2022.png\",\"contentUrl\":\"https:\/\/www.geh8.de\/page\/wp-content\/uploads\/2022\/08\/FeteMobil-header-2022.png\",\"width\":2000,\"height\":1120},{\"@type\":\"BreadcrumbList\",\"@id\":\"https:\/\/www.geh8.de\/fete-macht-mobil-das-open-air-vor-deiner-haustuer-2\/#breadcrumb\",\"itemListElement\":[{\"@type\":\"ListItem\",\"position\":1,\"name\":\"Startseite\",\"item\":\"https:\/\/www.geh8.de\/\"},{\"@type\":\"ListItem\",\"position\":2,\"name\":\"F\u00eate macht mobil! Das Open-Air vor deiner Haust\u00fcr.\"}]},{\"@type\":\"WebSite\",\"@id\":\"https:\/\/www.geh8.de\/#website\",\"url\":\"https:\/\/www.geh8.de\/\",\"name\":\"GEH8 Kunst Raum Ateliers gUG | Dresden\",\"description\":\"Geh8 is a non-profit association in Dresden to foster contemporary art\",\"publisher\":{\"@id\":\"https:\/\/www.geh8.de\/#organization\"},\"potentialAction\":[{\"@type\":\"SearchAction\",\"target\":{\"@type\":\"EntryPoint\",\"urlTemplate\":\"https:\/\/www.geh8.de\/?s={search_term_string}\"},\"query-input\":\"required name=search_term_string\"}],\"inLanguage\":\"en-GB\"},{\"@type\":\"Organization\",\"@id\":\"https:\/\/www.geh8.de\/#organization\",\"name\":\"geh8\",\"url\":\"https:\/\/www.geh8.de\/\",\"logo\":{\"@type\":\"ImageObject\",\"inLanguage\":\"en-GB\",\"@id\":\"https:\/\/www.geh8.de\/#\/schema\/logo\/image\/\",\"url\":\"https:\/\/www.geh8.de\/page\/wp-content\/uploads\/2018\/06\/Logo_GEH8_neu_Icon_sbg.png\",\"contentUrl\":\"https:\/\/www.geh8.de\/page\/wp-content\/uploads\/2018\/06\/Logo_GEH8_neu_Icon_sbg.png\",\"width\":164,\"height\":145,\"caption\":\"geh8\"},\"image\":{\"@id\":\"https:\/\/www.geh8.de\/#\/schema\/logo\/image\/\"},\"sameAs\":[\"https:\/\/www.facebook.com\/Geh8Kunstraum\/\",\"https:\/\/www.instagram.com\/geh8kunstraum\/\"]},{\"@type\":\"Person\",\"@id\":\"https:\/\/www.geh8.de\/#\/schema\/person\/4250b9c5c527cedf9dc80637dfcbe537\",\"name\":\"Tiziana Foit\"}]}<\/script>\n<!-- \/ Yoast SEO plugin. -->","yoast_head_json":{"title":"F\u00eate macht mobil! The Open-Air at your doorstep. - GEH8 Kunst Raum Ateliers gUG | Dresden","robots":{"index":"index","follow":"follow","max-snippet":"max-snippet:-1","max-image-preview":"max-image-preview:large","max-video-preview":"max-video-preview:-1"},"canonical":"https:\/\/www.geh8.de\/fete-macht-mobil-das-open-air-vor-deiner-haustuer-2\/","og_locale":"en_GB","og_type":"article","og_title":"[:en]F\u00eate macht mobil! The Open-Air at your doorstep.[:de]F\u00eate macht mobil! Das Open-Air vor deiner Haust\u00fcr.[:] - GEH8 Kunst Raum Ateliers gUG | Dresden","og_description":"F\u00eate makes mobile! On September 09 and 10, it&#8217;s F\u00eate macht mobil again! &#8211; The [&hellip;]","og_url":"https:\/\/www.geh8.de\/en\/fete-macht-mobil-das-open-air-vor-deiner-haustuer-2\/","og_site_name":"GEH8 Kunst Raum Ateliers gUG | Dresden","article_publisher":"https:\/\/www.facebook.com\/Geh8Kunstraum\/","article_published_time":"2022-08-16T20:30:34+00:00","article_modified_time":"2022-09-13T12:27:08+00:00","og_image":[{"width":2000,"height":1120,"url":"https:\/\/www.geh8.de\/page\/wp-content\/uploads\/2022\/08\/FeteMobil-header-2022.png","type":"image\/png"}],"author":"Tiziana Foit","twitter_card":"summary_large_image","twitter_misc":{"Written by":"Tiziana Foit","Estimated reading time":"2 minutes"},"schema":{"@context":"https:\/\/schema.org","@graph":[{"@type":"Article","@id":"https:\/\/www.geh8.de\/fete-macht-mobil-das-open-air-vor-deiner-haustuer-2\/#article","isPartOf":{"@id":"https:\/\/www.geh8.de\/fete-macht-mobil-das-open-air-vor-deiner-haustuer-2\/"},"author":{"name":"Tiziana Foit","@id":"https:\/\/www.geh8.de\/#\/schema\/person\/4250b9c5c527cedf9dc80637dfcbe537"},"headline":"F\u00eate macht mobil! The Open-Air at your doorstep.","datePublished":"2022-08-16T20:30:34+00:00","dateModified":"2022-09-13T12:27:08+00:00","mainEntityOfPage":{"@id":"https:\/\/www.geh8.de\/fete-macht-mobil-das-open-air-vor-deiner-haustuer-2\/"},"wordCount":517,"commentCount":0,"publisher":{"@id":"https:\/\/www.geh8.de\/#organization"},"image":{"@id":"https:\/\/www.geh8.de\/fete-macht-mobil-das-open-air-vor-deiner-haustuer-2\/#primaryimage"},"thumbnailUrl":"https:\/\/www.geh8.de\/page\/wp-content\/uploads\/2022\/08\/FeteMobil-header-2022.png","articleSection":["Festival"],"inLanguage":"en-GB","potentialAction":[{"@type":"CommentAction","name":"Comment","target":["https:\/\/www.geh8.de\/fete-macht-mobil-das-open-air-vor-deiner-haustuer-2\/#respond"]}]},{"@type":"WebPage","@id":"https:\/\/www.geh8.de\/fete-macht-mobil-das-open-air-vor-deiner-haustuer-2\/","url":"https:\/\/www.geh8.de\/fete-macht-mobil-das-open-air-vor-deiner-haustuer-2\/","name":"F\u00eate macht mobil! The Open-Air at your doorstep.","isPartOf":{"@id":"https:\/\/www.geh8.de\/#website"},"primaryImageOfPage":{"@id":"https:\/\/www.geh8.de\/fete-macht-mobil-das-open-air-vor-deiner-haustuer-2\/#primaryimage"},"image":{"@id":"https:\/\/www.geh8.de\/fete-macht-mobil-das-open-air-vor-deiner-haustuer-2\/#primaryimage"},"thumbnailUrl":"https:\/\/www.geh8.de\/page\/wp-content\/uploads\/2022\/08\/FeteMobil-header-2022.png","datePublished":"2022-08-16T20:30:34+00:00","dateModified":"2022-09-13T12:27:08+00:00","breadcrumb":{"@id":"https:\/\/www.geh8.de\/fete-macht-mobil-das-open-air-vor-deiner-haustuer-2\/#breadcrumb"},"inLanguage":"en-GB","potentialAction":[{"@type":"ReadAction","target":["https:\/\/www.geh8.de\/fete-macht-mobil-das-open-air-vor-deiner-haustuer-2\/"]}]},{"@type":"ImageObject","inLanguage":"en-GB","@id":"https:\/\/www.geh8.de\/fete-macht-mobil-das-open-air-vor-deiner-haustuer-2\/#primaryimage","url":"https:\/\/www.geh8.de\/page\/wp-content\/uploads\/2022\/08\/FeteMobil-header-2022.png","contentUrl":"https:\/\/www.geh8.de\/page\/wp-content\/uploads\/2022\/08\/FeteMobil-header-2022.png","width":2000,"height":1120},{"@type":"BreadcrumbList","@id":"https:\/\/www.geh8.de\/fete-macht-mobil-das-open-air-vor-deiner-haustuer-2\/#breadcrumb","itemListElement":[{"@type":"ListItem","position":1,"name":"Startseite","item":"https:\/\/www.geh8.de\/"},{"@type":"ListItem","position":2,"name":"F\u00eate macht mobil! Das Open-Air vor deiner Haust\u00fcr."}]},{"@type":"WebSite","@id":"https:\/\/www.geh8.de\/#website","url":"https:\/\/www.geh8.de\/","name":"GEH8 Kunst Raum Ateliers gUG | Dresden","description":"Geh8 is a non-profit association in Dresden to foster contemporary art","publisher":{"@id":"https:\/\/www.geh8.de\/#organization"},"potentialAction":[{"@type":"SearchAction","target":{"@type":"EntryPoint","urlTemplate":"https:\/\/www.geh8.de\/?s={search_term_string}"},"query-input":"required name=search_term_string"}],"inLanguage":"en-GB"},{"@type":"Organization","@id":"https:\/\/www.geh8.de\/#organization","name":"geh8","url":"https:\/\/www.geh8.de\/","logo":{"@type":"ImageObject","inLanguage":"en-GB","@id":"https:\/\/www.geh8.de\/#\/schema\/logo\/image\/","url":"https:\/\/www.geh8.de\/page\/wp-content\/uploads\/2018\/06\/Logo_GEH8_neu_Icon_sbg.png","contentUrl":"https:\/\/www.geh8.de\/page\/wp-content\/uploads\/2018\/06\/Logo_GEH8_neu_Icon_sbg.png","width":164,"height":145,"caption":"geh8"},"image":{"@id":"https:\/\/www.geh8.de\/#\/schema\/logo\/image\/"},"sameAs":["https:\/\/www.facebook.com\/Geh8Kunstraum\/","https:\/\/www.instagram.com\/geh8kunstraum\/"]},{"@type":"Person","@id":"https:\/\/www.geh8.de\/#\/schema\/person\/4250b9c5c527cedf9dc80637dfcbe537","name":"Tiziana Foit"}]}},"_links":{"self":[{"href":"https:\/\/www.geh8.de\/en\/wp-json\/wp\/v2\/posts\/10961"}],"collection":[{"href":"https:\/\/www.geh8.de\/en\/wp-json\/wp\/v2\/posts"}],"about":[{"href":"https:\/\/www.geh8.de\/en\/wp-json\/wp\/v2\/types\/post"}],"author":[{"embeddable":true,"href":"https:\/\/www.geh8.de\/en\/wp-json\/wp\/v2\/users\/19"}],"replies":[{"embeddable":true,"href":"https:\/\/www.geh8.de\/en\/wp-json\/wp\/v2\/comments?post=10961"}],"version-history":[{"count":0,"href":"https:\/\/www.geh8.de\/en\/wp-json\/wp\/v2\/posts\/10961\/revisions"}],"wp:featuredmedia":[{"embeddable":true,"href":"https:\/\/www.geh8.de\/en\/wp-json\/wp\/v2\/media\/10972"}],"wp:attachment":[{"href":"https:\/\/www.geh8.de\/en\/wp-json\/wp\/v2\/media?parent=10961"}],"wp:term":[{"taxonomy":"category","embeddable":true,"href":"https:\/\/www.geh8.de\/en\/wp-json\/wp\/v2\/categories?post=10961"},{"taxonomy":"post_tag","embeddable":true,"href":"https:\/\/www.geh8.de\/en\/wp-json\/wp\/v2\/tags?post=10961"},{"taxonomy":"format","embeddable":true,"href":"https:\/\/www.geh8.de\/en\/wp-json\/wp\/v2\/format?post=10961"}],"curies":[{"name":"wp","href":"https:\/\/api.w.org\/{rel}","templated":true}]}}