{"id":10475,"date":"2022-06-04T20:21:55","date_gmt":"2022-06-04T18:21:55","guid":{"rendered":"https:\/\/www.geh8.de\/?p=10475"},"modified":"2023-10-20T22:59:39","modified_gmt":"2023-10-20T20:59:39","slug":"4-verstaerker-kunst-film-festival-teilnehmer-innen","status":"publish","type":"post","link":"https:\/\/www.geh8.de\/en\/4-verstaerker-kunst-film-festival-teilnehmer-innen\/","title":{"rendered":"4th Verst\u00e4rker Art-Film-Festival: participating entries"},"content":{"rendered":"<p><strong>From June 17 &#8211; 18, 2022, the GEH8 Art and Culture Center in Dresden will host the 4th Amplifier Art Film Festival and present the Amplifier Award as part of it. The film festival is aimed at students from the new German states. In a public screening on June 18, 2022, visitors and a jury of experts are invited to vote for their favorite.<\/strong><br \/>\n&nbsp;&nbsp;&nbsp;&nbsp;&nbsp;&nbsp;&nbsp;&nbsp;&nbsp;&nbsp;&nbsp;&nbsp;&nbsp;&nbsp;&nbsp;&nbsp;&nbsp;&nbsp;&nbsp;<\/p>\n<h2><em><strong>&nbsp;&nbsp;&nbsp;&nbsp;&nbsp;&nbsp;&nbsp;&nbsp;&nbsp;&nbsp;&nbsp;&nbsp;&nbsp;&nbsp;&nbsp;&nbsp;&nbsp;&nbsp;&nbsp;&nbsp;&nbsp;&nbsp;&nbsp;&nbsp;&nbsp;&nbsp;&nbsp;&nbsp;&nbsp;&nbsp;&nbsp;&nbsp;&nbsp;&nbsp;&nbsp;&nbsp;&nbsp;&nbsp;&nbsp;&nbsp;&nbsp;&nbsp;&nbsp;&nbsp;&nbsp; JURY<\/strong><\/em><\/h2>\n<p><strong>Jana Endruschat<\/strong> studied Media &#038; Communication Science and has always been connected to the Saxon film scene. For more than 10 years she produced image and industrial films and worked at least as long in the production department for national and international feature film productions. As a trainee in the funding department she got to know the mechanisms of the Central German Media Funding &#038; was able to expand her moving image spectrum at Werkleitzgesellschaft e.V. in the Center for Media Art. 2013-2018 she was responsible for communication &#038; network at Filmverband Sachsen. In 2019-2021 she took over the management.<\/p>\n<p><strong>Alexandra Mei\u00dfner<\/strong> was born in Hoyerswerda in 1983 and studied sociology and communication science in Dresden. From 2008 she worked for the International Filmfest Dresden and was a member of the festival management for seven years. She is active as a freelance programmer and lecturer and advises film and cultural projects in the areas of production, development and mediation. Since 2019, she has been an officer for program support and communication at the Cultural Foundation of the Free State of Saxony, where she coordinates, among other things, the international residency programs and the Small Projects Fund for Rural Areas.<\/p>\n<p><strong>Michael Merkel<\/strong>, born in 1987 in Dresden, studied German language and literature, cultural studies and art history in Dresden and Wroclaw after training as a wood sculptor. He also studied free art at the Academy in Wroclaw and at the Bauhaus University in Weimar. In addition to the implementation of curatorial projects, he has exhibited several times in Germany and abroad. He has been awarded various grants as well as project funding for his artistic work and has been working as coordinator program planning and public relations at GEH8 Kunstraum Dresden since 2018. He initiated the Amplifier Art-Film Festival in 2019, which he has also coordinated since then.<\/p>\n<h2><em><strong>&nbsp;&nbsp;&nbsp;&nbsp;&nbsp;&nbsp;&nbsp;&nbsp;&nbsp;&nbsp;&nbsp;&nbsp;&nbsp;&nbsp;&nbsp;&nbsp;&nbsp;&nbsp;&nbsp;&nbsp;&nbsp;&nbsp;&nbsp;&nbsp;&nbsp;&nbsp;&nbsp;&nbsp;&nbsp;&nbsp;&nbsp;&nbsp;&nbsp;&nbsp;&nbsp;&nbsp;&nbsp;&nbsp;&nbsp; PROGRAMM<\/strong><\/em><\/h2>\n<p><strong><em>Friday, June 17, 2022<\/em><\/strong><br \/>\nInternational Films + Art.Space.Concert<br \/>\n<strong>Start:<\/strong> 6:30 pm<br \/>\n<strong>Where:<\/strong> GEH8<\/p>\n<p><strong><em>Saturday, June 18, 2022\u2029<\/em><\/strong><br \/>\nShort films + award ceremony Gala show with live music + afterparty<br \/>\n<strong>Start:<\/strong> 6 pm<br \/>\n<strong>Where:<\/strong> GEH8<\/p>\n<h2><em><strong>&nbsp;&nbsp;&nbsp;&nbsp;&nbsp;&nbsp;&nbsp;&nbsp;&nbsp;&nbsp;&nbsp;&nbsp;&nbsp;&nbsp;&nbsp;&nbsp;&nbsp;&nbsp;&nbsp;&nbsp;&nbsp;&nbsp;&nbsp;&nbsp;&nbsp;&nbsp;&nbsp;&nbsp;&nbsp;&nbsp;&nbsp;&nbsp;&nbsp;&nbsp;&nbsp;&nbsp; PARTICIPANTS<\/strong><\/em><\/h2>\n<p>&nbsp;<\/p>\n<h2><em><strong>Bauhaus-Universit\u00e4t \/ Weimar:<\/strong><\/em><\/h2>\n<p>&nbsp;<\/p>\n<table width=\"749\">\n<tbody>\n<tr>\n<th width=\"400\"><img loading=\"lazy\" decoding=\"async\" class=\"alignnone size-large wp-image-10478\" src=\"https:\/\/www.geh8.de\/page\/wp-content\/uploads\/2022\/05\/Nina-Oeller-1024x573.png\" alt=\"\" width=\"1024\" height=\"573\" srcset=\"https:\/\/www.geh8.de\/page\/wp-content\/uploads\/2022\/05\/Nina-Oeller-1024x573.png 1024w, https:\/\/www.geh8.de\/page\/wp-content\/uploads\/2022\/05\/Nina-Oeller-100x56.png 100w, https:\/\/www.geh8.de\/page\/wp-content\/uploads\/2022\/05\/Nina-Oeller-80x45.png 80w, https:\/\/www.geh8.de\/page\/wp-content\/uploads\/2022\/05\/Nina-Oeller-768x429.png 768w, https:\/\/www.geh8.de\/page\/wp-content\/uploads\/2022\/05\/Nina-Oeller-1536x859.png 1536w, https:\/\/www.geh8.de\/page\/wp-content\/uploads\/2022\/05\/Nina-Oeller-2048x1145.png 2048w, https:\/\/www.geh8.de\/page\/wp-content\/uploads\/2022\/05\/Nina-Oeller-600x337.png 600w, https:\/\/www.geh8.de\/page\/wp-content\/uploads\/2022\/05\/Nina-Oeller-320x180.png 320w, https:\/\/www.geh8.de\/page\/wp-content\/uploads\/2022\/05\/Nina-Oeller-120x67.png 120w\" sizes=\"(max-width: 1024px) 100vw, 1024px\" \/><\/th>\n<th>\n<h4><strong>NINA OELLER with<\/strong><strong> TRIBUTE TO THE MOMENT<br \/>\n<\/strong><\/h4>\n<h5 style=\"text-align: center;\">About the feeling of exchanging the total freedom of youth for responsibility and consideration &#8211; and what is perhaps not so bad about it.<\/h5>\n<\/th>\n<\/tr>\n<\/tbody>\n<\/table>\n<table style=\"height: 491px;\" width=\"748\">\n<tbody>\n<tr>\n<th width=\"400\"><img loading=\"lazy\" decoding=\"async\" class=\"alignnone size-large wp-image-10479\" src=\"https:\/\/www.geh8.de\/page\/wp-content\/uploads\/2022\/05\/Marcus-Grysctok-1024x640.jpg\" alt=\"\" width=\"1024\" height=\"640\" srcset=\"https:\/\/www.geh8.de\/page\/wp-content\/uploads\/2022\/05\/Marcus-Grysctok-1024x640.jpg 1024w, https:\/\/www.geh8.de\/page\/wp-content\/uploads\/2022\/05\/Marcus-Grysctok-100x63.jpg 100w, https:\/\/www.geh8.de\/page\/wp-content\/uploads\/2022\/05\/Marcus-Grysctok-80x50.jpg 80w, https:\/\/www.geh8.de\/page\/wp-content\/uploads\/2022\/05\/Marcus-Grysctok-768x480.jpg 768w, https:\/\/www.geh8.de\/page\/wp-content\/uploads\/2022\/05\/Marcus-Grysctok-1536x960.jpg 1536w, https:\/\/www.geh8.de\/page\/wp-content\/uploads\/2022\/05\/Marcus-Grysctok-2048x1280.jpg 2048w\" sizes=\"(max-width: 1024px) 100vw, 1024px\" \/><\/th>\n<th>\n<h4><strong>MARCUS GRYSCZOK with<\/strong><strong> KLIMAFAKTEN<br \/>\n<\/strong><\/h4>\n<h5 style=\"text-align: center;\">Modern global warming is catapulting us out of the stable climate of the Holocene into unmapped waters. Warming is caused by fossil fuel use, and to a lesser extent by agriculture and deforestation. The consequences of warming include more frequent and severe extreme events, such as deadly heat waves, devastating droughts, heavy rains with flooding, or more violent tropical cyclones, &#8230; in addition, a rise in sea level due to melting continental ice and thermal expansion of sea water. Many millions of people are already suffering from these climate impacts. We can stop global warming by stopping the emission of greenhouse gases, especially carbon dioxide. This was unanimously agreed for good reasons by almost all countries at the Paris Agreement, which has the goal of keeping global warming well below the 2 degree limit. If possible even below 1.5 degrees. Today we are already at 1.2 degrees global warming.<\/h5>\n<\/th>\n<\/tr>\n<\/tbody>\n<\/table>\n<table style=\"height: 505px;\" width=\"751\">\n<tbody>\n<tr>\n<th width=\"400\"><img loading=\"lazy\" decoding=\"async\" class=\"alignnone size-large wp-image-10483\" src=\"https:\/\/www.geh8.de\/page\/wp-content\/uploads\/2022\/05\/Christin-Jakubek-1024x576.jpg\" alt=\"\" width=\"1024\" height=\"576\" srcset=\"https:\/\/www.geh8.de\/page\/wp-content\/uploads\/2022\/05\/Christin-Jakubek-1024x576.jpg 1024w, https:\/\/www.geh8.de\/page\/wp-content\/uploads\/2022\/05\/Christin-Jakubek-100x56.jpg 100w, https:\/\/www.geh8.de\/page\/wp-content\/uploads\/2022\/05\/Christin-Jakubek-80x45.jpg 80w, https:\/\/www.geh8.de\/page\/wp-content\/uploads\/2022\/05\/Christin-Jakubek-768x432.jpg 768w, https:\/\/www.geh8.de\/page\/wp-content\/uploads\/2022\/05\/Christin-Jakubek-1536x864.jpg 1536w, https:\/\/www.geh8.de\/page\/wp-content\/uploads\/2022\/05\/Christin-Jakubek-2048x1152.jpg 2048w, https:\/\/www.geh8.de\/page\/wp-content\/uploads\/2022\/05\/Christin-Jakubek-1316x740.jpg 1316w, https:\/\/www.geh8.de\/page\/wp-content\/uploads\/2022\/05\/Christin-Jakubek-1040x585.jpg 1040w, https:\/\/www.geh8.de\/page\/wp-content\/uploads\/2022\/05\/Christin-Jakubek-1676x942.jpg 1676w, https:\/\/www.geh8.de\/page\/wp-content\/uploads\/2022\/05\/Christin-Jakubek-1116x627.jpg 1116w, https:\/\/www.geh8.de\/page\/wp-content\/uploads\/2022\/05\/Christin-Jakubek-900x506.jpg 900w, https:\/\/www.geh8.de\/page\/wp-content\/uploads\/2022\/05\/Christin-Jakubek-600x337.jpg 600w, https:\/\/www.geh8.de\/page\/wp-content\/uploads\/2022\/05\/Christin-Jakubek-320x180.jpg 320w, https:\/\/www.geh8.de\/page\/wp-content\/uploads\/2022\/05\/Christin-Jakubek-120x67.jpg 120w\" sizes=\"(max-width: 1024px) 100vw, 1024px\" \/><\/th>\n<th>\n<h4><strong>KRISTIN JAKUBEK with<\/strong><strong> A TOOTHLESS GRIN<br \/>\n<\/strong><\/h4>\n<h5>The video work &#8216;A toothless grin&#8217; refers to the idea of an uneasy void in our everyday lives caused by constant digital media consumption and the corresponding increasing alienation from the natural world. An experimental video format explores how digital media has shaped and changed our relationship with, representation of, and experience of nature. Using a variety of art forms and genres, including performance art, fashion, poetry, and music video, a narrative unfolds about humanity&#8217;s alienation from nature as a result of progressive, total absorption into &#8216;the digital&#8217;. The natural world is increasingly mechanized, deformed, and abstracted; the creative techniques used range from drone footage to computer-generated images created through the use of machine learning in the form of Generative Adversarial Network (GAN) technology.<\/h5>\n<\/th>\n<\/tr>\n<\/tbody>\n<\/table>\n<table style=\"height: 239px;\" width=\"752\">\n<tbody>\n<tr>\n<th width=\"400\"><img loading=\"lazy\" decoding=\"async\" class=\"alignnone size-large wp-image-10482\" src=\"https:\/\/www.geh8.de\/page\/wp-content\/uploads\/2022\/05\/Fuchang-Yang-1024x577.jpeg\" alt=\"\" width=\"1024\" height=\"577\" srcset=\"https:\/\/www.geh8.de\/page\/wp-content\/uploads\/2022\/05\/Fuchang-Yang-1024x577.jpeg 1024w, https:\/\/www.geh8.de\/page\/wp-content\/uploads\/2022\/05\/Fuchang-Yang-100x56.jpeg 100w, https:\/\/www.geh8.de\/page\/wp-content\/uploads\/2022\/05\/Fuchang-Yang-80x45.jpeg 80w, https:\/\/www.geh8.de\/page\/wp-content\/uploads\/2022\/05\/Fuchang-Yang-768x432.jpeg 768w, https:\/\/www.geh8.de\/page\/wp-content\/uploads\/2022\/05\/Fuchang-Yang-1536x866.jpeg 1536w, https:\/\/www.geh8.de\/page\/wp-content\/uploads\/2022\/05\/Fuchang-Yang-2048x1155.jpeg 2048w, https:\/\/www.geh8.de\/page\/wp-content\/uploads\/2022\/05\/Fuchang-Yang-1316x740.jpeg 1316w, https:\/\/www.geh8.de\/page\/wp-content\/uploads\/2022\/05\/Fuchang-Yang-1040x585.jpeg 1040w, https:\/\/www.geh8.de\/page\/wp-content\/uploads\/2022\/05\/Fuchang-Yang-1676x942.jpeg 1676w, https:\/\/www.geh8.de\/page\/wp-content\/uploads\/2022\/05\/Fuchang-Yang-900x506.jpeg 900w, https:\/\/www.geh8.de\/page\/wp-content\/uploads\/2022\/05\/Fuchang-Yang-600x337.jpeg 600w, https:\/\/www.geh8.de\/page\/wp-content\/uploads\/2022\/05\/Fuchang-Yang-320x180.jpeg 320w, https:\/\/www.geh8.de\/page\/wp-content\/uploads\/2022\/05\/Fuchang-Yang-120x67.jpeg 120w\" sizes=\"(max-width: 1024px) 100vw, 1024px\" \/><\/th>\n<th>\n<h4><strong>FUCHANG YANG with<\/strong><strong> IN THE BOX<br \/>\n<\/strong><\/h4>\n<h5>I wanted to show a boy who is afraid of his parents&#8217; excessive attention. In the boy&#8217;s eyes, his parents are monsters with only eyes. Their eyes follow him all the time and the sight of them holds him captive. Finally, the boy closes himself inside and becomes a complete box.<\/h5>\n<\/th>\n<\/tr>\n<\/tbody>\n<\/table>\n<table width=\"752\">\n<tbody>\n<tr>\n<th width=\"400\"><img loading=\"lazy\" decoding=\"async\" class=\"alignnone size-large wp-image-10485\" src=\"https:\/\/www.geh8.de\/page\/wp-content\/uploads\/2022\/05\/Buba-Beboshvili-1024x640.jpg\" alt=\"\" width=\"1024\" height=\"640\" srcset=\"https:\/\/www.geh8.de\/page\/wp-content\/uploads\/2022\/05\/Buba-Beboshvili-1024x640.jpg 1024w, https:\/\/www.geh8.de\/page\/wp-content\/uploads\/2022\/05\/Buba-Beboshvili-100x63.jpg 100w, https:\/\/www.geh8.de\/page\/wp-content\/uploads\/2022\/05\/Buba-Beboshvili-80x50.jpg 80w, https:\/\/www.geh8.de\/page\/wp-content\/uploads\/2022\/05\/Buba-Beboshvili-768x480.jpg 768w, https:\/\/www.geh8.de\/page\/wp-content\/uploads\/2022\/05\/Buba-Beboshvili.jpg 1440w\" sizes=\"(max-width: 1024px) 100vw, 1024px\" \/><\/th>\n<th>\n<h4><strong>BUBA BEBOSHVILI with<\/strong><strong> SUNDAY ON THE MOON<br \/>\n<\/strong><\/h4>\n<h5>Experimental short film follows main character Jola as she is getting ready to depart from the planet earth after its complete destruction. Viewer sees her as a fragile, vulnerable character who desperately seeks possibilities which don\u2019t cause overly drastic changes. In the confused state Jola remembers everything she loved and appreciated in the past life. Sunday is last weekday and represents the last chapter of the story. When the final decision should be made. She wants to leave but where is the conflict. Comparing the title to film its self brings us to something very abstract and main concept stands on overcoming challenges, getting out of comfort zone and trying out unexplored spaces. As the process evolves we face the consequences of dealing with tough times. Overthinking, anxiety that comes with it, going back to roots and resolve everything from there.<\/h5>\n<\/th>\n<\/tr>\n<\/tbody>\n<\/table>\n<table style=\"height: 315px;\" width=\"750\">\n<tbody>\n<tr>\n<th width=\"400\">\n<h4><strong><img loading=\"lazy\" decoding=\"async\" class=\"alignnone size-large wp-image-10486\" src=\"https:\/\/www.geh8.de\/page\/wp-content\/uploads\/2022\/05\/Benjamin-Elisabeth-Geyer-1024x717.jpg\" alt=\"\" width=\"1024\" height=\"717\" srcset=\"https:\/\/www.geh8.de\/page\/wp-content\/uploads\/2022\/05\/Benjamin-Elisabeth-Geyer-1024x717.jpg 1024w, https:\/\/www.geh8.de\/page\/wp-content\/uploads\/2022\/05\/Benjamin-Elisabeth-Geyer-100x70.jpg 100w, https:\/\/www.geh8.de\/page\/wp-content\/uploads\/2022\/05\/Benjamin-Elisabeth-Geyer-80x56.jpg 80w, https:\/\/www.geh8.de\/page\/wp-content\/uploads\/2022\/05\/Benjamin-Elisabeth-Geyer-768x538.jpg 768w, https:\/\/www.geh8.de\/page\/wp-content\/uploads\/2022\/05\/Benjamin-Elisabeth-Geyer-1536x1075.jpg 1536w, https:\/\/www.geh8.de\/page\/wp-content\/uploads\/2022\/05\/Benjamin-Elisabeth-Geyer.jpg 2000w\" sizes=\"(max-width: 1024px) 100vw, 1024px\" \/><\/strong><\/h4>\n<\/th>\n<th>\n<h4><strong>BENJAMIN &#038; ELISABETH GEYER with ERMO<br \/>\n<\/strong><\/h4>\n<h5>Stormy sea, two dark figures, a fall into wild floods and into the magical arms of the deep ocean. ERMO is an animated music video for the song of the same name by Benshi. In a dark atmosphere and with mysterious sounds, this crime fairy tale draws us under its spell.<\/h5>\n<\/th>\n<\/tr>\n<\/tbody>\n<\/table>\n<table width=\"753\">\n<tbody>\n<tr>\n<th width=\"400\"><img loading=\"lazy\" decoding=\"async\" class=\"alignnone size-large wp-image-10487\" src=\"https:\/\/www.geh8.de\/page\/wp-content\/uploads\/2022\/05\/Bela-Aaron-Moebius-1024x768.jpg\" alt=\"\" width=\"1024\" height=\"768\" srcset=\"https:\/\/www.geh8.de\/page\/wp-content\/uploads\/2022\/05\/Bela-Aaron-Moebius-1024x768.jpg 1024w, https:\/\/www.geh8.de\/page\/wp-content\/uploads\/2022\/05\/Bela-Aaron-Moebius-100x75.jpg 100w, https:\/\/www.geh8.de\/page\/wp-content\/uploads\/2022\/05\/Bela-Aaron-Moebius-80x60.jpg 80w, https:\/\/www.geh8.de\/page\/wp-content\/uploads\/2022\/05\/Bela-Aaron-Moebius-768x576.jpg 768w, https:\/\/www.geh8.de\/page\/wp-content\/uploads\/2022\/05\/Bela-Aaron-Moebius-448x336.jpg 448w, https:\/\/www.geh8.de\/page\/wp-content\/uploads\/2022\/05\/Bela-Aaron-Moebius-368x276.jpg 368w, https:\/\/www.geh8.de\/page\/wp-content\/uploads\/2022\/05\/Bela-Aaron-Moebius-288x216.jpg 288w, https:\/\/www.geh8.de\/page\/wp-content\/uploads\/2022\/05\/Bela-Aaron-Moebius-90x67.jpg 90w, https:\/\/www.geh8.de\/page\/wp-content\/uploads\/2022\/05\/Bela-Aaron-Moebius.jpg 1440w\" sizes=\"(max-width: 1024px) 100vw, 1024px\" \/><\/th>\n<th>\n<h4><strong>BELA MORITZ &#038; AARON M\u00d6BIUS with SOLIST<\/strong><\/h4>\n<h5>Mensa J\u00fcrgen, cook in the university cafeteria Erfurt, all-round entertainer and DJ, is probably the best known personality in the capital of Thuringia. Due to his omnipresence in bars and clubs, pretty much everyone has joined J\u00fcrgen for a beer. Since the beginning of 2020, however, everything J\u00fcrgen can identify with has suddenly disappeared. Now that he has to spend more time at home, he finally digs out his old VHS tapes full of memories he had almost forgotten.<\/h5>\n<\/th>\n<\/tr>\n<\/tbody>\n<\/table>\n<table style=\"height: 245px;\" width=\"750\">\n<tbody>\n<tr>\n<th width=\"400\"><img loading=\"lazy\" decoding=\"async\" class=\"alignnone size-large wp-image-10488\" src=\"https:\/\/www.geh8.de\/page\/wp-content\/uploads\/2022\/05\/Anna-Rhyzkova-1024x576.png\" alt=\"\" width=\"1024\" height=\"576\" srcset=\"https:\/\/www.geh8.de\/page\/wp-content\/uploads\/2022\/05\/Anna-Rhyzkova-1024x576.png 1024w, https:\/\/www.geh8.de\/page\/wp-content\/uploads\/2022\/05\/Anna-Rhyzkova-100x56.png 100w, https:\/\/www.geh8.de\/page\/wp-content\/uploads\/2022\/05\/Anna-Rhyzkova-80x45.png 80w, https:\/\/www.geh8.de\/page\/wp-content\/uploads\/2022\/05\/Anna-Rhyzkova-768x432.png 768w, https:\/\/www.geh8.de\/page\/wp-content\/uploads\/2022\/05\/Anna-Rhyzkova-1040x585.png 1040w, https:\/\/www.geh8.de\/page\/wp-content\/uploads\/2022\/05\/Anna-Rhyzkova-1116x627.png 1116w, https:\/\/www.geh8.de\/page\/wp-content\/uploads\/2022\/05\/Anna-Rhyzkova-900x506.png 900w, https:\/\/www.geh8.de\/page\/wp-content\/uploads\/2022\/05\/Anna-Rhyzkova-600x337.png 600w, https:\/\/www.geh8.de\/page\/wp-content\/uploads\/2022\/05\/Anna-Rhyzkova-320x180.png 320w, https:\/\/www.geh8.de\/page\/wp-content\/uploads\/2022\/05\/Anna-Rhyzkova-120x67.png 120w, https:\/\/www.geh8.de\/page\/wp-content\/uploads\/2022\/05\/Anna-Rhyzkova.png 1280w\" sizes=\"(max-width: 1024px) 100vw, 1024px\" \/><\/th>\n<th>\n<h4><strong>ANNA RYZHKOVA with A PART OF ME<br \/>\n<\/strong><\/h4>\n<h5>Moving to another country can feel like landing on a new planet. What is it like to lose a part of yourself but gain another?<\/h5>\n<\/th>\n<\/tr>\n<\/tbody>\n<\/table>\n<h2>&nbsp;<\/h2>\n<h2><strong><em>HfBK Dresden:<\/em><\/strong><\/h2>\n<p>&nbsp;<\/p>\n<table style=\"height: 418px;\" width=\"752\">\n<tbody>\n<tr>\n<th width=\"400\"><img loading=\"lazy\" decoding=\"async\" class=\"alignnone size-large wp-image-10490\" src=\"https:\/\/www.geh8.de\/page\/wp-content\/uploads\/2022\/05\/Kathrin-Frech-1024x1024.jpg\" alt=\"\" width=\"1024\" height=\"1024\" srcset=\"https:\/\/www.geh8.de\/page\/wp-content\/uploads\/2022\/05\/Kathrin-Frech-1024x1024.jpg 1024w, https:\/\/www.geh8.de\/page\/wp-content\/uploads\/2022\/05\/Kathrin-Frech-100x100.jpg 100w, https:\/\/www.geh8.de\/page\/wp-content\/uploads\/2022\/05\/Kathrin-Frech-80x80.jpg 80w, https:\/\/www.geh8.de\/page\/wp-content\/uploads\/2022\/05\/Kathrin-Frech-768x768.jpg 768w, https:\/\/www.geh8.de\/page\/wp-content\/uploads\/2022\/05\/Kathrin-Frech-1536x1536.jpg 1536w, https:\/\/www.geh8.de\/page\/wp-content\/uploads\/2022\/05\/Kathrin-Frech-2048x2048.jpg 2048w, https:\/\/www.geh8.de\/page\/wp-content\/uploads\/2022\/05\/Kathrin-Frech-323x323.jpg 323w, https:\/\/www.geh8.de\/page\/wp-content\/uploads\/2022\/05\/Kathrin-Frech-288x288.jpg 288w, https:\/\/www.geh8.de\/page\/wp-content\/uploads\/2022\/05\/Kathrin-Frech-214x214.jpg 214w, https:\/\/www.geh8.de\/page\/wp-content\/uploads\/2022\/05\/Kathrin-Frech-120x120.jpg 120w\" sizes=\"(max-width: 1024px) 100vw, 1024px\" \/><\/th>\n<th>\n<h4><strong>KATHRIN FRECH with LEBERWURST &#8211; AUS DEM ALBUM &#8220;IM FLEISCHLICHT&#8221; VON SCHOARFI SCHOARF OL\u00c9<br \/>\n<\/strong><\/h4>\n<h5>The space station of a formerly ambitious, highly funded prestige project reports back to earth after a long time of disappearance in the form of an intergalactic concept album.<br \/>\nback on earth. On board: Three mustachioed astronauts, off to miss the world for a long time.<br \/>\nto miss the world, long forgotten, eating snack! A musical morsel from IM FLEISCHLICHT is served &#8211; without pickles, because the sausage fight is real!<\/h5>\n<\/th>\n<\/tr>\n<\/tbody>\n<\/table>\n<h2>&nbsp;<\/h2>\n<h2><strong><em>HGB Leipzig:<\/em><\/strong><\/h2>\n<p>&nbsp;<\/p>\n<table width=\"747\">\n<tbody>\n<tr>\n<th width=\"400\"><img loading=\"lazy\" decoding=\"async\" class=\"alignnone size-large wp-image-10491\" src=\"https:\/\/www.geh8.de\/page\/wp-content\/uploads\/2022\/05\/Theresa-Muennich-1024x768.jpg\" alt=\"\" width=\"1024\" height=\"768\" srcset=\"https:\/\/www.geh8.de\/page\/wp-content\/uploads\/2022\/05\/Theresa-Muennich-1024x768.jpg 1024w, https:\/\/www.geh8.de\/page\/wp-content\/uploads\/2022\/05\/Theresa-Muennich-100x75.jpg 100w, https:\/\/www.geh8.de\/page\/wp-content\/uploads\/2022\/05\/Theresa-Muennich-80x60.jpg 80w, https:\/\/www.geh8.de\/page\/wp-content\/uploads\/2022\/05\/Theresa-Muennich-768x576.jpg 768w, https:\/\/www.geh8.de\/page\/wp-content\/uploads\/2022\/05\/Theresa-Muennich-448x336.jpg 448w, https:\/\/www.geh8.de\/page\/wp-content\/uploads\/2022\/05\/Theresa-Muennich-368x276.jpg 368w, https:\/\/www.geh8.de\/page\/wp-content\/uploads\/2022\/05\/Theresa-Muennich-288x216.jpg 288w, https:\/\/www.geh8.de\/page\/wp-content\/uploads\/2022\/05\/Theresa-Muennich-90x67.jpg 90w, https:\/\/www.geh8.de\/page\/wp-content\/uploads\/2022\/05\/Theresa-Muennich.jpg 1152w\" sizes=\"(max-width: 1024px) 100vw, 1024px\" \/><\/th>\n<th>\n<h4><strong>THERESA M\u00dcNNICH with FRAGMENTED HOME<br \/>\n<\/strong><\/h4>\n<h5>A home is a place of security in an uncertain world, a place of certainty in doubt, a familiar place in a strange world, a sacred place in a profane world. Anna had to leave her home because a war started in her homeland. Every night she sums up what she is experiencing until she finally decides to leave the country.<\/h5>\n<\/th>\n<\/tr>\n<\/tbody>\n<\/table>\n<table style=\"height: 344px;\" width=\"746\">\n<tbody>\n<tr>\n<th width=\"400\"><img loading=\"lazy\" decoding=\"async\" class=\"alignnone size-large wp-image-10495\" src=\"https:\/\/www.geh8.de\/page\/wp-content\/uploads\/2022\/05\/Maja-Buehler-1024x576.jpg\" alt=\"\" width=\"1024\" height=\"576\" srcset=\"https:\/\/www.geh8.de\/page\/wp-content\/uploads\/2022\/05\/Maja-Buehler-1024x576.jpg 1024w, https:\/\/www.geh8.de\/page\/wp-content\/uploads\/2022\/05\/Maja-Buehler-100x56.jpg 100w, https:\/\/www.geh8.de\/page\/wp-content\/uploads\/2022\/05\/Maja-Buehler-80x45.jpg 80w, https:\/\/www.geh8.de\/page\/wp-content\/uploads\/2022\/05\/Maja-Buehler-768x432.jpg 768w, https:\/\/www.geh8.de\/page\/wp-content\/uploads\/2022\/05\/Maja-Buehler-1536x865.jpg 1536w, https:\/\/www.geh8.de\/page\/wp-content\/uploads\/2022\/05\/Maja-Buehler-2048x1153.jpg 2048w, https:\/\/www.geh8.de\/page\/wp-content\/uploads\/2022\/05\/Maja-Buehler-1316x740.jpg 1316w, https:\/\/www.geh8.de\/page\/wp-content\/uploads\/2022\/05\/Maja-Buehler-1040x585.jpg 1040w, https:\/\/www.geh8.de\/page\/wp-content\/uploads\/2022\/05\/Maja-Buehler-1676x942.jpg 1676w, https:\/\/www.geh8.de\/page\/wp-content\/uploads\/2022\/05\/Maja-Buehler-1116x627.jpg 1116w, https:\/\/www.geh8.de\/page\/wp-content\/uploads\/2022\/05\/Maja-Buehler-900x506.jpg 900w, https:\/\/www.geh8.de\/page\/wp-content\/uploads\/2022\/05\/Maja-Buehler-600x337.jpg 600w, https:\/\/www.geh8.de\/page\/wp-content\/uploads\/2022\/05\/Maja-Buehler-320x180.jpg 320w, https:\/\/www.geh8.de\/page\/wp-content\/uploads\/2022\/05\/Maja-Buehler-120x67.jpg 120w\" sizes=\"(max-width: 1024px) 100vw, 1024px\" \/><\/th>\n<th>\n<h4><strong>MAJA B\u00dcHLER with DIE DRITTE HAUT<br \/>\n<\/strong><\/h4>\n<h5>They also say &#8220;your own four walls&#8221;, the ones between which you simply disappear, like behind the falling curtain after the show. No gaze can follow you here, no offer can tempt you, no storm can sweep you away. You close the door, you take off your masks and costumes and let yourself go, you love and scream and play and cry. Here no one will hear you, no one will ever bother you, you are alone in your own 4 walls, your third skin. (2D stopmotion, paper and watercolor,sound by Moist Handshakes and Florian Illig)<\/h5>\n<\/th>\n<\/tr>\n<\/tbody>\n<\/table>\n<table style=\"height: 346px;\" width=\"747\">\n<tbody>\n<tr>\n<th width=\"400\"><img loading=\"lazy\" decoding=\"async\" class=\"alignnone size-large wp-image-10494\" src=\"https:\/\/www.geh8.de\/page\/wp-content\/uploads\/2022\/05\/Celia-1024x576.jpg\" alt=\"\" width=\"1024\" height=\"576\" srcset=\"https:\/\/www.geh8.de\/page\/wp-content\/uploads\/2022\/05\/Celia-1024x576.jpg 1024w, https:\/\/www.geh8.de\/page\/wp-content\/uploads\/2022\/05\/Celia-100x56.jpg 100w, https:\/\/www.geh8.de\/page\/wp-content\/uploads\/2022\/05\/Celia-80x45.jpg 80w, https:\/\/www.geh8.de\/page\/wp-content\/uploads\/2022\/05\/Celia-768x432.jpg 768w, https:\/\/www.geh8.de\/page\/wp-content\/uploads\/2022\/05\/Celia-1536x864.jpg 1536w, https:\/\/www.geh8.de\/page\/wp-content\/uploads\/2022\/05\/Celia-1316x740.jpg 1316w, https:\/\/www.geh8.de\/page\/wp-content\/uploads\/2022\/05\/Celia-1040x585.jpg 1040w, https:\/\/www.geh8.de\/page\/wp-content\/uploads\/2022\/05\/Celia-1676x942.jpg 1676w, https:\/\/www.geh8.de\/page\/wp-content\/uploads\/2022\/05\/Celia-1116x627.jpg 1116w, https:\/\/www.geh8.de\/page\/wp-content\/uploads\/2022\/05\/Celia-900x506.jpg 900w, https:\/\/www.geh8.de\/page\/wp-content\/uploads\/2022\/05\/Celia-600x337.jpg 600w, https:\/\/www.geh8.de\/page\/wp-content\/uploads\/2022\/05\/Celia-320x180.jpg 320w, https:\/\/www.geh8.de\/page\/wp-content\/uploads\/2022\/05\/Celia-120x67.jpg 120w, https:\/\/www.geh8.de\/page\/wp-content\/uploads\/2022\/05\/Celia.jpg 1920w\" sizes=\"(max-width: 1024px) 100vw, 1024px\" \/><\/th>\n<th>\n<h4><strong>CELIA IBA\u00d1EZ LAMU\u00d1O with URBAN JUNGLE &#8211; DIE ZIMMERPFLANZE NIMMT PLATZ<br \/>\n<\/strong><\/h4>\n<h5>Monster grass, philodendrons, pileas, yucca palms and many, many more decorate our homes these days. We bring greenery into our homes, feel connected to nature, but have you ever wondered where your houseplants come from? And, how did they actually get into our homes? Today, this trend is called, Urban Jungle. About this and the origin of the houseplant tells this animated film.<\/h5>\n<\/th>\n<\/tr>\n<\/tbody>\n<\/table>\n<h2>&nbsp;<\/h2>\n<h2><strong><em>Hochschule Mittweida:<\/em><\/strong><\/h2>\n<p>&nbsp;<\/p>\n<table style=\"height: 274px;\" width=\"749\">\n<tbody>\n<tr>\n<th width=\"400\"><img loading=\"lazy\" decoding=\"async\" class=\"alignnone size-large wp-image-10497\" src=\"https:\/\/www.geh8.de\/page\/wp-content\/uploads\/2022\/05\/Jonas-Erler-1024x693.jpg\" alt=\"\" width=\"1024\" height=\"693\" srcset=\"https:\/\/www.geh8.de\/page\/wp-content\/uploads\/2022\/05\/Jonas-Erler-1024x693.jpg 1024w, https:\/\/www.geh8.de\/page\/wp-content\/uploads\/2022\/05\/Jonas-Erler-100x68.jpg 100w, https:\/\/www.geh8.de\/page\/wp-content\/uploads\/2022\/05\/Jonas-Erler-80x54.jpg 80w, https:\/\/www.geh8.de\/page\/wp-content\/uploads\/2022\/05\/Jonas-Erler-768x520.jpg 768w, https:\/\/www.geh8.de\/page\/wp-content\/uploads\/2022\/05\/Jonas-Erler-1536x1039.jpg 1536w, https:\/\/www.geh8.de\/page\/wp-content\/uploads\/2022\/05\/Jonas-Erler.jpg 1596w\" sizes=\"(max-width: 1024px) 100vw, 1024px\" \/><\/th>\n<th>\n<h4><strong>JONAS ERLER with<\/strong><strong> VAKUUM<\/strong><\/h4>\n<h5>Inhale. Exhale. We free ourselves from gravity and escape from reality. We are weightless, free. Everything becomes VACUUM.<\/h5>\n<\/th>\n<\/tr>\n<\/tbody>\n<\/table>\n<h2>&nbsp;<\/h2>\n<h2><strong><em>Kunsthochschule Berlin Wei\u00dfensee:<\/em><\/strong><\/h2>\n<p>&nbsp;<\/p>\n<table width=\"749\">\n<tbody>\n<tr>\n<th width=\"400\"><img loading=\"lazy\" decoding=\"async\" class=\"alignnone size-large wp-image-10499\" src=\"https:\/\/www.geh8.de\/page\/wp-content\/uploads\/2022\/05\/Anna-Swagerman-1024x576.jpg\" alt=\"\" width=\"1024\" height=\"576\" srcset=\"https:\/\/www.geh8.de\/page\/wp-content\/uploads\/2022\/05\/Anna-Swagerman-1024x576.jpg 1024w, https:\/\/www.geh8.de\/page\/wp-content\/uploads\/2022\/05\/Anna-Swagerman-100x56.jpg 100w, https:\/\/www.geh8.de\/page\/wp-content\/uploads\/2022\/05\/Anna-Swagerman-80x45.jpg 80w, https:\/\/www.geh8.de\/page\/wp-content\/uploads\/2022\/05\/Anna-Swagerman-768x432.jpg 768w, https:\/\/www.geh8.de\/page\/wp-content\/uploads\/2022\/05\/Anna-Swagerman-1536x864.jpg 1536w, https:\/\/www.geh8.de\/page\/wp-content\/uploads\/2022\/05\/Anna-Swagerman-2048x1152.jpg 2048w, https:\/\/www.geh8.de\/page\/wp-content\/uploads\/2022\/05\/Anna-Swagerman-1316x740.jpg 1316w, https:\/\/www.geh8.de\/page\/wp-content\/uploads\/2022\/05\/Anna-Swagerman-1040x585.jpg 1040w, https:\/\/www.geh8.de\/page\/wp-content\/uploads\/2022\/05\/Anna-Swagerman-1676x942.jpg 1676w, https:\/\/www.geh8.de\/page\/wp-content\/uploads\/2022\/05\/Anna-Swagerman-1116x627.jpg 1116w, https:\/\/www.geh8.de\/page\/wp-content\/uploads\/2022\/05\/Anna-Swagerman-900x506.jpg 900w, https:\/\/www.geh8.de\/page\/wp-content\/uploads\/2022\/05\/Anna-Swagerman-600x337.jpg 600w, https:\/\/www.geh8.de\/page\/wp-content\/uploads\/2022\/05\/Anna-Swagerman-320x180.jpg 320w, https:\/\/www.geh8.de\/page\/wp-content\/uploads\/2022\/05\/Anna-Swagerman-120x67.jpg 120w\" sizes=\"(max-width: 1024px) 100vw, 1024px\" \/><\/th>\n<th>\n<h4><strong>ANNA SWAGERMAN with INNER LANDSCAPES: PASAIJES INTERNOS<br \/>\n<\/strong><\/h4>\n<h5>&#8216;Inner Landscapes&#8217; is filmed on the private property where renowned Spanish painter ANTONI TAPIES created his oeuvre. His studio is surrounded by nature, facing the Black Mountain. I was granted permission by Tapies&#8217; daughter to document this special place. The voice-over represents various people I encountered. \u201cMatter is like a mirror. When I watch the landscape, there&#8217;s a change inside.\u201d<\/h5>\n<\/th>\n<\/tr>\n<\/tbody>\n<\/table>\n<table width=\"749\">\n<tbody>\n<tr>\n<th width=\"400\">\n<h5><img loading=\"lazy\" decoding=\"async\" class=\"alignnone size-large wp-image-10500\" src=\"https:\/\/www.geh8.de\/page\/wp-content\/uploads\/2022\/05\/Johanne-Krahe-1024x577.jpg\" alt=\"\" width=\"1024\" height=\"577\" srcset=\"https:\/\/www.geh8.de\/page\/wp-content\/uploads\/2022\/05\/Johanne-Krahe-1024x577.jpg 1024w, https:\/\/www.geh8.de\/page\/wp-content\/uploads\/2022\/05\/Johanne-Krahe-100x56.jpg 100w, https:\/\/www.geh8.de\/page\/wp-content\/uploads\/2022\/05\/Johanne-Krahe-80x45.jpg 80w, https:\/\/www.geh8.de\/page\/wp-content\/uploads\/2022\/05\/Johanne-Krahe-768x432.jpg 768w, https:\/\/www.geh8.de\/page\/wp-content\/uploads\/2022\/05\/Johanne-Krahe-1536x866.jpg 1536w, https:\/\/www.geh8.de\/page\/wp-content\/uploads\/2022\/05\/Johanne-Krahe-2048x1155.jpg 2048w, https:\/\/www.geh8.de\/page\/wp-content\/uploads\/2022\/05\/Johanne-Krahe-1316x740.jpg 1316w, https:\/\/www.geh8.de\/page\/wp-content\/uploads\/2022\/05\/Johanne-Krahe-1040x585.jpg 1040w, https:\/\/www.geh8.de\/page\/wp-content\/uploads\/2022\/05\/Johanne-Krahe-1676x942.jpg 1676w, https:\/\/www.geh8.de\/page\/wp-content\/uploads\/2022\/05\/Johanne-Krahe-900x506.jpg 900w, https:\/\/www.geh8.de\/page\/wp-content\/uploads\/2022\/05\/Johanne-Krahe-600x337.jpg 600w, https:\/\/www.geh8.de\/page\/wp-content\/uploads\/2022\/05\/Johanne-Krahe-320x180.jpg 320w, https:\/\/www.geh8.de\/page\/wp-content\/uploads\/2022\/05\/Johanne-Krahe-120x67.jpg 120w\" sizes=\"(max-width: 1024px) 100vw, 1024px\" \/><\/h5>\n<\/th>\n<th>\n<h4><strong>JOHANNA KRAH\u00c9 with RUSTY TIMES<br \/>\n<\/strong><\/h4>\n<h5>A poetic, surreal tale, of a &#8220;streetcar cook&#8221; who experiences the creeping change of his environment and fails because of it. The motifs used are largely taken from the dream diaries of my father, who has been drawing his dreams for almost 60 years. With the means of collage I enter into a dialogue with the dreams of my father.<\/h5>\n<\/th>\n<\/tr>\n<\/tbody>\n<\/table>\n<h2>&nbsp;<\/h2>\n<h2><strong><em>UdK Berlin:<\/em><\/strong><\/h2>\n<p>&nbsp;<\/p>\n<table width=\"753\">\n<tbody>\n<tr>\n<th width=\"400\"><img loading=\"lazy\" decoding=\"async\" class=\"alignnone size-large wp-image-10501\" src=\"https:\/\/www.geh8.de\/page\/wp-content\/uploads\/2022\/05\/Jeanna-Kolesova-1024x576.png\" alt=\"\" width=\"1024\" height=\"576\" srcset=\"https:\/\/www.geh8.de\/page\/wp-content\/uploads\/2022\/05\/Jeanna-Kolesova-1024x576.png 1024w, https:\/\/www.geh8.de\/page\/wp-content\/uploads\/2022\/05\/Jeanna-Kolesova-100x56.png 100w, https:\/\/www.geh8.de\/page\/wp-content\/uploads\/2022\/05\/Jeanna-Kolesova-80x45.png 80w, https:\/\/www.geh8.de\/page\/wp-content\/uploads\/2022\/05\/Jeanna-Kolesova-768x432.png 768w, https:\/\/www.geh8.de\/page\/wp-content\/uploads\/2022\/05\/Jeanna-Kolesova-1536x864.png 1536w, https:\/\/www.geh8.de\/page\/wp-content\/uploads\/2022\/05\/Jeanna-Kolesova-1316x740.png 1316w, https:\/\/www.geh8.de\/page\/wp-content\/uploads\/2022\/05\/Jeanna-Kolesova-1040x585.png 1040w, https:\/\/www.geh8.de\/page\/wp-content\/uploads\/2022\/05\/Jeanna-Kolesova-1676x942.png 1676w, https:\/\/www.geh8.de\/page\/wp-content\/uploads\/2022\/05\/Jeanna-Kolesova-1116x627.png 1116w, https:\/\/www.geh8.de\/page\/wp-content\/uploads\/2022\/05\/Jeanna-Kolesova-900x506.png 900w, https:\/\/www.geh8.de\/page\/wp-content\/uploads\/2022\/05\/Jeanna-Kolesova-600x337.png 600w, https:\/\/www.geh8.de\/page\/wp-content\/uploads\/2022\/05\/Jeanna-Kolesova-320x180.png 320w, https:\/\/www.geh8.de\/page\/wp-content\/uploads\/2022\/05\/Jeanna-Kolesova-120x67.png 120w, https:\/\/www.geh8.de\/page\/wp-content\/uploads\/2022\/05\/Jeanna-Kolesova.png 1920w\" sizes=\"(max-width: 1024px) 100vw, 1024px\" \/><\/th>\n<th>\n<h4><strong>JEANA KOLESOVA with MEDITATION BEFORE A PROTEST<br \/>\n<\/strong><\/h4>\n<h5>Video deals with the fear of a totalitarian state, a repressive system, police violence, risk of arrests during protests and criminal penalty in Russia. Video created in a form of meditation which prepares for facing and resisting the system&#8217;s violence in the real world.<\/h5>\n<\/th>\n<th>&nbsp;<\/th>\n<\/tr>\n<\/tbody>\n<\/table>\n<h2>&nbsp;<\/h2>\n<h2><em><strong>Burg Giebichenstein:<\/strong><br \/>\n<\/em><\/h2>\n<p>&nbsp;<\/p>\n<table style=\"height: 227px;\" width=\"748\">\n<tbody>\n<tr>\n<th width=\"400\"><img loading=\"lazy\" decoding=\"async\" class=\"alignnone size-large wp-image-10502\" src=\"https:\/\/www.geh8.de\/page\/wp-content\/uploads\/2022\/05\/Lukas-Kappmeier-1024x576.jpg\" alt=\"\" width=\"1024\" height=\"576\" srcset=\"https:\/\/www.geh8.de\/page\/wp-content\/uploads\/2022\/05\/Lukas-Kappmeier-1024x576.jpg 1024w, https:\/\/www.geh8.de\/page\/wp-content\/uploads\/2022\/05\/Lukas-Kappmeier-100x56.jpg 100w, https:\/\/www.geh8.de\/page\/wp-content\/uploads\/2022\/05\/Lukas-Kappmeier-80x45.jpg 80w, https:\/\/www.geh8.de\/page\/wp-content\/uploads\/2022\/05\/Lukas-Kappmeier-768x432.jpg 768w, https:\/\/www.geh8.de\/page\/wp-content\/uploads\/2022\/05\/Lukas-Kappmeier-1536x864.jpg 1536w, https:\/\/www.geh8.de\/page\/wp-content\/uploads\/2022\/05\/Lukas-Kappmeier-1316x740.jpg 1316w, https:\/\/www.geh8.de\/page\/wp-content\/uploads\/2022\/05\/Lukas-Kappmeier-1040x585.jpg 1040w, https:\/\/www.geh8.de\/page\/wp-content\/uploads\/2022\/05\/Lukas-Kappmeier-1676x942.jpg 1676w, https:\/\/www.geh8.de\/page\/wp-content\/uploads\/2022\/05\/Lukas-Kappmeier-1116x627.jpg 1116w, https:\/\/www.geh8.de\/page\/wp-content\/uploads\/2022\/05\/Lukas-Kappmeier-900x506.jpg 900w, https:\/\/www.geh8.de\/page\/wp-content\/uploads\/2022\/05\/Lukas-Kappmeier-600x337.jpg 600w, https:\/\/www.geh8.de\/page\/wp-content\/uploads\/2022\/05\/Lukas-Kappmeier-320x180.jpg 320w, https:\/\/www.geh8.de\/page\/wp-content\/uploads\/2022\/05\/Lukas-Kappmeier-120x67.jpg 120w, https:\/\/www.geh8.de\/page\/wp-content\/uploads\/2022\/05\/Lukas-Kappmeier.jpg 1920w\" sizes=\"(max-width: 1024px) 100vw, 1024px\" \/><\/th>\n<th>\n<h4><strong>LUKAS KAPPMEIER with SELF MADE MAN<br \/>\n<\/strong><\/h4>\n<h5>A suit digs a lonely hole in the middle of a newly tendered industrial park. Even after years, he seems to have made no progress. How can he make himself into something?<\/h5>\n<\/th>\n<\/tr>\n<\/tbody>\n<\/table>\n<table style=\"height: 302px;\" width=\"750\">\n<tbody>\n<tr>\n<th width=\"400\"><img loading=\"lazy\" decoding=\"async\" class=\"alignnone size-large wp-image-10503\" src=\"https:\/\/www.geh8.de\/page\/wp-content\/uploads\/2022\/05\/Leon-Meschede-1024x765.png\" alt=\"\" width=\"1024\" height=\"765\" srcset=\"https:\/\/www.geh8.de\/page\/wp-content\/uploads\/2022\/05\/Leon-Meschede-1024x765.png 1024w, https:\/\/www.geh8.de\/page\/wp-content\/uploads\/2022\/05\/Leon-Meschede-100x75.png 100w, https:\/\/www.geh8.de\/page\/wp-content\/uploads\/2022\/05\/Leon-Meschede-80x60.png 80w, https:\/\/www.geh8.de\/page\/wp-content\/uploads\/2022\/05\/Leon-Meschede-768x574.png 768w, https:\/\/www.geh8.de\/page\/wp-content\/uploads\/2022\/05\/Leon-Meschede-1536x1147.png 1536w, https:\/\/www.geh8.de\/page\/wp-content\/uploads\/2022\/05\/Leon-Meschede-448x336.png 448w, https:\/\/www.geh8.de\/page\/wp-content\/uploads\/2022\/05\/Leon-Meschede-368x276.png 368w, https:\/\/www.geh8.de\/page\/wp-content\/uploads\/2022\/05\/Leon-Meschede-288x216.png 288w, https:\/\/www.geh8.de\/page\/wp-content\/uploads\/2022\/05\/Leon-Meschede-90x67.png 90w, https:\/\/www.geh8.de\/page\/wp-content\/uploads\/2022\/05\/Leon-Meschede.png 1916w\" sizes=\"(max-width: 1024px) 100vw, 1024px\" \/><\/th>\n<th>\n<h4><strong>LEON MESCHEDE with NON PLUS ULTRA<br \/>\n<\/strong><\/h4>\n<h5>We present: NON PLUS ULTRA (Eng: Always on), a flood protection concept for the Dresden Sculpture Collection. The path to immortality leads along numerous references, such as Mercedes Benz&#8217; G-Class, Dr. Simon Ourian, Kim Khardashian&#8217;s dermatologist, or the Pillars of Heracles.<\/h5>\n<\/th>\n<\/tr>\n<\/tbody>\n<\/table>\n<p>&nbsp;<\/p>\n<h2><em>Our Guest: COLUMBUS COLLEGE OF ART &#038; DESIGN<br \/>\n<\/em><\/h2>\n<div>\n<h4>Graham Squire mit HANDS<\/h4>\n<h4>Gwenth Keith mit GRAVY TAXI<\/h4>\n<h4>Rin Navarro mit THE RITUAL<\/h4>\n<h4>Roy Davila Jr. mit SANTIFICADO<\/h4>\n<\/div>\n<p>&nbsp;<\/p>\n<h2><em>Our Guest: UNIVERSITY OF OSTRAVA<\/em><\/h2>\n<div>\n<p><strong>Evy Garga\u0161ov\u00e9 \u2013 SLEPICE HENS<\/strong><\/p>\n<p><strong>Filip Tich\u00fd \u2013 TWISTED TALES OF THREE PIGLETS<\/strong><\/p>\n<p><strong>Filip Antoniazi \u2013 GOTHAM CITY<\/strong><\/p>\n<p><strong>\u0160t\u011bp\u00e1n Wilkus<\/strong><\/p>\n<p><strong>Vikt\u00f3ria Madasnk\u00e1<\/strong><\/p>\n<p><strong>ART BASS<\/strong><\/p>\n<p><strong>FOTBALOFOBIE<\/strong><\/p>\n<\/div>\n<p>&nbsp;<\/p>\n<table style=\"height: 451px;\" width=\"726\">\n<tbody>\n<tr>\n<td width=\"247\">\n<h5><strong>In cooperation with:<br \/>\n<\/strong><\/h5>\n<p><img loading=\"lazy\" decoding=\"async\" class=\"alignnone wp-image-7922\" src=\"https:\/\/www.geh8.de\/page\/wp-content\/uploads\/2021\/01\/Logo_Filmverband_CMYK_orange-blau-1024x433.jpg\" alt=\"\" width=\"158\" height=\"67\" srcset=\"https:\/\/www.geh8.de\/page\/wp-content\/uploads\/2021\/01\/Logo_Filmverband_CMYK_orange-blau-1024x433.jpg 1024w, https:\/\/www.geh8.de\/page\/wp-content\/uploads\/2021\/01\/Logo_Filmverband_CMYK_orange-blau-100x42.jpg 100w, https:\/\/www.geh8.de\/page\/wp-content\/uploads\/2021\/01\/Logo_Filmverband_CMYK_orange-blau-80x34.jpg 80w, https:\/\/www.geh8.de\/page\/wp-content\/uploads\/2021\/01\/Logo_Filmverband_CMYK_orange-blau-768x325.jpg 768w, https:\/\/www.geh8.de\/page\/wp-content\/uploads\/2021\/01\/Logo_Filmverband_CMYK_orange-blau-1536x649.jpg 1536w, https:\/\/www.geh8.de\/page\/wp-content\/uploads\/2021\/01\/Logo_Filmverband_CMYK_orange-blau.jpg 1573w\" sizes=\"(max-width: 158px) 100vw, 158px\" \/>&nbsp; &nbsp;&nbsp; &nbsp; <img loading=\"lazy\" decoding=\"async\" class=\"alignnone wp-image-9127\" src=\"https:\/\/www.geh8.de\/page\/wp-content\/uploads\/2022\/01\/1200px-Columbus_College_of_Art_and_Design_logo.svg_-768x261-1.png\" alt=\"\" width=\"175\" height=\"59\" srcset=\"https:\/\/www.geh8.de\/page\/wp-content\/uploads\/2022\/01\/1200px-Columbus_College_of_Art_and_Design_logo.svg_-768x261-1.png 768w, https:\/\/www.geh8.de\/page\/wp-content\/uploads\/2022\/01\/1200px-Columbus_College_of_Art_and_Design_logo.svg_-768x261-1-100x34.png 100w, https:\/\/www.geh8.de\/page\/wp-content\/uploads\/2022\/01\/1200px-Columbus_College_of_Art_and_Design_logo.svg_-768x261-1-80x27.png 80w\" sizes=\"(max-width: 175px) 100vw, 175px\" \/> &nbsp; <img loading=\"lazy\" decoding=\"async\" class=\"alignnone wp-image-9817\" src=\"https:\/\/www.geh8.de\/page\/wp-content\/uploads\/2022\/01\/KunstRaumKonzerte_logo_RGB--1024x1024.jpg\" alt=\"\" width=\"99\" height=\"99\" srcset=\"https:\/\/www.geh8.de\/page\/wp-content\/uploads\/2022\/01\/KunstRaumKonzerte_logo_RGB--1024x1024.jpg 1024w, https:\/\/www.geh8.de\/page\/wp-content\/uploads\/2022\/01\/KunstRaumKonzerte_logo_RGB--100x100.jpg 100w, https:\/\/www.geh8.de\/page\/wp-content\/uploads\/2022\/01\/KunstRaumKonzerte_logo_RGB--80x80.jpg 80w, https:\/\/www.geh8.de\/page\/wp-content\/uploads\/2022\/01\/KunstRaumKonzerte_logo_RGB--768x768.jpg 768w, https:\/\/www.geh8.de\/page\/wp-content\/uploads\/2022\/01\/KunstRaumKonzerte_logo_RGB--1536x1536.jpg 1536w, https:\/\/www.geh8.de\/page\/wp-content\/uploads\/2022\/01\/KunstRaumKonzerte_logo_RGB--2048x2048.jpg 2048w, https:\/\/www.geh8.de\/page\/wp-content\/uploads\/2022\/01\/KunstRaumKonzerte_logo_RGB--323x323.jpg 323w, https:\/\/www.geh8.de\/page\/wp-content\/uploads\/2022\/01\/KunstRaumKonzerte_logo_RGB--288x288.jpg 288w, https:\/\/www.geh8.de\/page\/wp-content\/uploads\/2022\/01\/KunstRaumKonzerte_logo_RGB--214x214.jpg 214w, https:\/\/www.geh8.de\/page\/wp-content\/uploads\/2022\/01\/KunstRaumKonzerte_logo_RGB--120x120.jpg 120w\" sizes=\"(max-width: 99px) 100vw, 99px\" \/> <img loading=\"lazy\" decoding=\"async\" class=\"alignnone wp-image-9825\" src=\"https:\/\/www.geh8.de\/page\/wp-content\/uploads\/2022\/01\/FACULTY-OF-FINE-ARTS-vertikalni1-cerna.png\" alt=\"\" width=\"160\" height=\"128\" srcset=\"https:\/\/www.geh8.de\/page\/wp-content\/uploads\/2022\/01\/FACULTY-OF-FINE-ARTS-vertikalni1-cerna.png 1000w, https:\/\/www.geh8.de\/page\/wp-content\/uploads\/2022\/01\/FACULTY-OF-FINE-ARTS-vertikalni1-cerna-100x80.png 100w, https:\/\/www.geh8.de\/page\/wp-content\/uploads\/2022\/01\/FACULTY-OF-FINE-ARTS-vertikalni1-cerna-80x64.png 80w, https:\/\/www.geh8.de\/page\/wp-content\/uploads\/2022\/01\/FACULTY-OF-FINE-ARTS-vertikalni1-cerna-768x612.png 768w\" sizes=\"(max-width: 160px) 100vw, 160px\" \/><\/p>\n<div>\n<div>&nbsp;<\/div>\n<div class=\"\">\n<h5>&nbsp;<\/h5>\n<h5><span class=\"\"><b class=\"\"><span class=\"\" title=\"Bearbeitet\">Supported by Beauftragten der Bundesregierung f\u00fcr Kultur und Medien.<\/span><br \/>\n<\/b><\/span><\/h5>\n<\/div>\n<div>&nbsp;<\/div>\n<\/div>\n<div><a href=\"https:\/\/www.kulturstaatsministerin.de\"><img loading=\"lazy\" decoding=\"async\" class=\"alignnone wp-image-8334\" src=\"https:\/\/www.geh8.de\/page\/wp-content\/uploads\/2021\/07\/BKM_Office_Farbe_de-1024x418.jpg\" alt=\"\" width=\"228\" height=\"93\" srcset=\"https:\/\/www.geh8.de\/page\/wp-content\/uploads\/2021\/07\/BKM_Office_Farbe_de-1024x418.jpg 1024w, https:\/\/www.geh8.de\/page\/wp-content\/uploads\/2021\/07\/BKM_Office_Farbe_de-100x41.jpg 100w, https:\/\/www.geh8.de\/page\/wp-content\/uploads\/2021\/07\/BKM_Office_Farbe_de-80x33.jpg 80w, https:\/\/www.geh8.de\/page\/wp-content\/uploads\/2021\/07\/BKM_Office_Farbe_de-768x313.jpg 768w, https:\/\/www.geh8.de\/page\/wp-content\/uploads\/2021\/07\/BKM_Office_Farbe_de-1536x627.jpg 1536w, https:\/\/www.geh8.de\/page\/wp-content\/uploads\/2021\/07\/BKM_Office_Farbe_de.bmp 1960w\" sizes=\"(max-width: 228px) 100vw, 228px\" \/><\/a>&nbsp; &nbsp; <a href=\"https:\/\/soziokultur.neustartkultur.de\/programm2\/\"><img loading=\"lazy\" decoding=\"async\" class=\"alignnone wp-image-9753\" src=\"https:\/\/www.geh8.de\/page\/wp-content\/uploads\/2022\/01\/BVS_nk2_Logo_RGB_nk2.png\" alt=\"\" width=\"117\" height=\"73\" srcset=\"https:\/\/www.geh8.de\/page\/wp-content\/uploads\/2022\/01\/BVS_nk2_Logo_RGB_nk2.png 512w, https:\/\/www.geh8.de\/page\/wp-content\/uploads\/2022\/01\/BVS_nk2_Logo_RGB_nk2-100x63.png 100w, https:\/\/www.geh8.de\/page\/wp-content\/uploads\/2022\/01\/BVS_nk2_Logo_RGB_nk2-80x50.png 80w\" sizes=\"(max-width: 117px) 100vw, 117px\" \/><\/a> &nbsp;&nbsp; &nbsp;&nbsp; &nbsp;<a href=\"https:\/\/www.soziokultur.de\"><img loading=\"lazy\" decoding=\"async\" class=\"alignnone wp-image-9755\" src=\"https:\/\/www.geh8.de\/page\/wp-content\/uploads\/2022\/01\/Download.png\" alt=\"\" width=\"131\" height=\"75\" srcset=\"https:\/\/www.geh8.de\/page\/wp-content\/uploads\/2022\/01\/Download.png 297w, https:\/\/www.geh8.de\/page\/wp-content\/uploads\/2022\/01\/Download-100x57.png 100w, https:\/\/www.geh8.de\/page\/wp-content\/uploads\/2022\/01\/Download-80x46.png 80w\" sizes=\"(max-width: 131px) 100vw, 131px\" \/><\/a><\/div>\n<\/td>\n<\/tr>\n<\/tbody>\n<\/table>\n<p>&nbsp;<\/p>\n<div class=\"shariff shariff-align-center shariff-widget-align-center\"><ul class=\"shariff-buttons theme-default orientation-horizontal buttonsize-medium\"><li class=\"shariff-button whatsapp shariff-nocustomcolor\" style=\"background-color:#5cbe4a\"><a href=\"https:\/\/api.whatsapp.com\/send?text=https%3A%2F%2Fwww.geh8.de%2Fen%2F4-verstaerker-kunst-film-festival-teilnehmer-innen%2F%204th%20Verst%C3%A4rker%20Art-Film-Festival%3A%20participating%20entries\" title=\"Bei Whatsapp teilen\" aria-label=\"Bei Whatsapp teilen\" role=\"button\" rel=\"noopener nofollow\" class=\"shariff-link\" style=\"; background-color:#34af23; color:#fff\" target=\"_blank\"><span class=\"shariff-icon\" style=\"\"><svg width=\"32px\" height=\"20px\" xmlns=\"http:\/\/www.w3.org\/2000\/svg\" viewBox=\"0 0 32 32\"><path fill=\"#34af23\" d=\"M17.6 17.4q0.2 0 1.7 0.8t1.6 0.9q0 0.1 0 0.3 0 0.6-0.3 1.4-0.3 0.7-1.3 1.2t-1.8 0.5q-1 0-3.4-1.1-1.7-0.8-3-2.1t-2.6-3.3q-1.3-1.9-1.3-3.5v-0.1q0.1-1.6 1.3-2.8 0.4-0.4 0.9-0.4 0.1 0 0.3 0t0.3 0q0.3 0 0.5 0.1t0.3 0.5q0.1 0.4 0.6 1.6t0.4 1.3q0 0.4-0.6 1t-0.6 0.8q0 0.1 0.1 0.3 0.6 1.3 1.8 2.4 1 0.9 2.7 1.8 0.2 0.1 0.4 0.1 0.3 0 1-0.9t0.9-0.9zM14 26.9q2.3 0 4.3-0.9t3.6-2.4 2.4-3.6 0.9-4.3-0.9-4.3-2.4-3.6-3.6-2.4-4.3-0.9-4.3 0.9-3.6 2.4-2.4 3.6-0.9 4.3q0 3.6 2.1 6.6l-1.4 4.2 4.3-1.4q2.8 1.9 6.2 1.9zM14 2.2q2.7 0 5.2 1.1t4.3 2.9 2.9 4.3 1.1 5.2-1.1 5.2-2.9 4.3-4.3 2.9-5.2 1.1q-3.5 0-6.5-1.7l-7.4 2.4 2.4-7.2q-1.9-3.2-1.9-6.9 0-2.7 1.1-5.2t2.9-4.3 4.3-2.9 5.2-1.1z\"\/><\/svg><\/span><span class=\"shariff-text\">teilen<\/span>&nbsp;<\/a><\/li><li class=\"shariff-button telegram shariff-nocustomcolor\" style=\"background-color:#4084A6\"><a href=\"https:\/\/telegram.me\/share\/url?url=https%3A%2F%2Fwww.geh8.de%2Fen%2F4-verstaerker-kunst-film-festival-teilnehmer-innen%2F&text=4th%20Verst%C3%A4rker%20Art-Film-Festival%3A%20participating%20entries\" title=\"Bei Telegram teilen\" aria-label=\"Bei Telegram teilen\" role=\"button\" rel=\"noopener nofollow\" class=\"shariff-link\" style=\"; background-color:#0088cc; color:#fff\" target=\"_blank\"><span class=\"shariff-icon\" style=\"\"><svg width=\"32px\" height=\"20px\" xmlns=\"http:\/\/www.w3.org\/2000\/svg\" viewBox=\"0 0 32 32\"><path fill=\"#0088cc\" d=\"M30.8 6.5l-4.5 21.4c-.3 1.5-1.2 1.9-2.5 1.2L16.9 24l-3.3 3.2c-.4.4-.7.7-1.4.7l.5-7L25.5 9.2c.6-.5-.1-.8-.9-.3l-15.8 10L2 16.7c-1.5-.5-1.5-1.5.3-2.2L28.9 4.3c1.3-.5 2.3.3 1.9 2.2z\"\/><\/svg><\/span><span class=\"shariff-text\">teilen<\/span>&nbsp;<\/a><\/li><li class=\"shariff-button facebook shariff-nocustomcolor\" style=\"background-color:#4273c8\"><a href=\"https:\/\/www.facebook.com\/sharer\/sharer.php?u=https%3A%2F%2Fwww.geh8.de%2Fen%2F4-verstaerker-kunst-film-festival-teilnehmer-innen%2F\" title=\"Bei Facebook teilen\" aria-label=\"Bei Facebook teilen\" role=\"button\" rel=\"nofollow\" class=\"shariff-link\" style=\"; background-color:#3b5998; color:#fff\" target=\"_blank\"><span class=\"shariff-icon\" style=\"\"><svg width=\"32px\" height=\"20px\" xmlns=\"http:\/\/www.w3.org\/2000\/svg\" viewBox=\"0 0 18 32\"><path fill=\"#3b5998\" d=\"M17.1 0.2v4.7h-2.8q-1.5 0-2.1 0.6t-0.5 1.9v3.4h5.2l-0.7 5.3h-4.5v13.6h-5.5v-13.6h-4.5v-5.3h4.5v-3.9q0-3.3 1.9-5.2t5-1.8q2.6 0 4.1 0.2z\"\/><\/svg><\/span><span class=\"shariff-text\">teilen<\/span>&nbsp;<\/a><\/li><li class=\"shariff-button mailto shariff-nocustomcolor\" style=\"background-color:#a8a8a8\"><a href=\"mailto:?body=https%3A%2F%2Fwww.geh8.de%2Fen%2F4-verstaerker-kunst-film-festival-teilnehmer-innen%2F&subject=4th%20Verst%C3%A4rker%20Art-Film-Festival%3A%20participating%20entries\" title=\"Per E-Mail versenden\" aria-label=\"Per E-Mail versenden\" role=\"button\" rel=\"noopener nofollow\" class=\"shariff-link\" style=\"; background-color:#999; color:#fff\"><span class=\"shariff-icon\" style=\"\"><svg width=\"32px\" height=\"20px\" xmlns=\"http:\/\/www.w3.org\/2000\/svg\" viewBox=\"0 0 32 32\"><path fill=\"#999\" d=\"M32 12.7v14.2q0 1.2-0.8 2t-2 0.9h-26.3q-1.2 0-2-0.9t-0.8-2v-14.2q0.8 0.9 1.8 1.6 6.5 4.4 8.9 6.1 1 0.8 1.6 1.2t1.7 0.9 2 0.4h0.1q0.9 0 2-0.4t1.7-0.9 1.6-1.2q3-2.2 8.9-6.1 1-0.7 1.8-1.6zM32 7.4q0 1.4-0.9 2.7t-2.2 2.2q-6.7 4.7-8.4 5.8-0.2 0.1-0.7 0.5t-1 0.7-0.9 0.6-1.1 0.5-0.9 0.2h-0.1q-0.4 0-0.9-0.2t-1.1-0.5-0.9-0.6-1-0.7-0.7-0.5q-1.6-1.1-4.7-3.2t-3.6-2.6q-1.1-0.7-2.1-2t-1-2.5q0-1.4 0.7-2.3t2.1-0.9h26.3q1.2 0 2 0.8t0.9 2z\"\/><\/svg><\/span><span class=\"shariff-text\">E-Mail<\/span>&nbsp;<\/a><\/li><\/ul><\/div>","protected":false},"excerpt":{"rendered":"<p>From June 17 &#8211; 18, 2022, the GEH8 Art and Culture Center in Dresden will [&hellip;]<\/p>\n","protected":false},"author":19,"featured_media":10757,"comment_status":"open","ping_status":"open","sticky":false,"template":"","format":[27],"meta":{"_acf_changed":false,"ngg_post_thumbnail":0,"footnotes":""},"categories":[36],"tags":[],"acf":[],"yoast_head":"<!-- This site is optimized with the Yoast SEO plugin v23.0 - https:\/\/yoast.com\/wordpress\/plugins\/seo\/ -->\n<title>4th Verst\u00e4rker Art-Film-Festival: participating entries - GEH8 Kunst Raum Ateliers gUG | Dresden<\/title>\n<meta name=\"robots\" content=\"index, follow, max-snippet:-1, max-image-preview:large, max-video-preview:-1\" \/>\n<link rel=\"canonical\" href=\"https:\/\/www.geh8.de\/en\/4-verstaerker-kunst-film-festival-teilnehmer-innen\/\" \/>\n<meta property=\"og:locale\" content=\"en_GB\" \/>\n<meta property=\"og:locale:alternate\" content=\"de_DE\" \/>\n<meta property=\"og:type\" content=\"article\" \/>\n<meta property=\"og:title\" content=\"4th Verst\u00e4rker Art-Film-Festival: participating entries\" \/>\n<meta property=\"og:description\" content=\"From June 17 &#8211; 18, 2022, the GEH8 Art and Culture Center in Dresden will [&hellip;]\" \/>\n<meta property=\"og:url\" content=\"https:\/\/www.geh8.de\/en\/4-verstaerker-kunst-film-festival-teilnehmer-innen\/\" \/>\n<meta property=\"og:site_name\" content=\"GEH8 Kunst Raum Ateliers gUG | Dresden\" \/>\n<meta property=\"article:publisher\" content=\"https:\/\/www.facebook.com\/Geh8Kunstraum\/\" \/>\n<meta property=\"article:published_time\" content=\"2022-06-04T18:21:55+00:00\" \/>\n<meta property=\"article:modified_time\" content=\"2023-10-20T20:59:39+00:00\" \/>\n<meta property=\"og:image\" content=\"https:\/\/www.geh8.de\/page\/wp-content\/uploads\/2022\/06\/Verstaerker-Titelbild-scaled.jpg\" \/>\n\t<meta property=\"og:image:width\" content=\"2560\" \/>\n\t<meta property=\"og:image:height\" content=\"1756\" \/>\n\t<meta property=\"og:image:type\" content=\"image\/jpeg\" \/>\n<meta name=\"author\" content=\"Tiziana Foit\" \/>\n<meta name=\"twitter:card\" content=\"summary_large_image\" \/>\n<meta name=\"twitter:label1\" content=\"Written by\" \/>\n\t<meta name=\"twitter:data1\" content=\"Tiziana Foit\" \/>\n\t<meta name=\"twitter:label2\" content=\"Estimated reading time\" \/>\n\t<meta name=\"twitter:data2\" content=\"15 minutes\" \/>\n<script type=\"application\/ld+json\" class=\"yoast-schema-graph\">{\"@context\":\"https:\/\/schema.org\",\"@graph\":[{\"@type\":\"Article\",\"@id\":\"https:\/\/www.geh8.de\/en\/4-verstaerker-kunst-film-festival-teilnehmer-innen\/#article\",\"isPartOf\":{\"@id\":\"https:\/\/www.geh8.de\/en\/4-verstaerker-kunst-film-festival-teilnehmer-innen\/\"},\"author\":{\"name\":\"Tiziana Foit\",\"@id\":\"https:\/\/www.geh8.de\/#\/schema\/person\/4250b9c5c527cedf9dc80637dfcbe537\"},\"headline\":\"4th Verst\u00e4rker Art-Film-Festival: participating entries\",\"datePublished\":\"2022-06-04T18:21:55+00:00\",\"dateModified\":\"2023-10-20T20:59:39+00:00\",\"mainEntityOfPage\":{\"@id\":\"https:\/\/www.geh8.de\/en\/4-verstaerker-kunst-film-festival-teilnehmer-innen\/\"},\"wordCount\":3889,\"commentCount\":0,\"publisher\":{\"@id\":\"https:\/\/www.geh8.de\/#organization\"},\"image\":{\"@id\":\"https:\/\/www.geh8.de\/en\/4-verstaerker-kunst-film-festival-teilnehmer-innen\/#primaryimage\"},\"thumbnailUrl\":\"https:\/\/www.geh8.de\/page\/wp-content\/uploads\/2022\/06\/Verstaerker-Titelbild-scaled.jpg\",\"articleSection\":[\"Festival\"],\"inLanguage\":\"en-GB\",\"potentialAction\":[{\"@type\":\"CommentAction\",\"name\":\"Comment\",\"target\":[\"https:\/\/www.geh8.de\/en\/4-verstaerker-kunst-film-festival-teilnehmer-innen\/#respond\"]}]},{\"@type\":\"WebPage\",\"@id\":\"https:\/\/www.geh8.de\/en\/4-verstaerker-kunst-film-festival-teilnehmer-innen\/\",\"url\":\"https:\/\/www.geh8.de\/en\/4-verstaerker-kunst-film-festival-teilnehmer-innen\/\",\"name\":\"4th Verst\u00e4rker Art-Film-Festival: participating entries\",\"isPartOf\":{\"@id\":\"https:\/\/www.geh8.de\/#website\"},\"primaryImageOfPage\":{\"@id\":\"https:\/\/www.geh8.de\/en\/4-verstaerker-kunst-film-festival-teilnehmer-innen\/#primaryimage\"},\"image\":{\"@id\":\"https:\/\/www.geh8.de\/en\/4-verstaerker-kunst-film-festival-teilnehmer-innen\/#primaryimage\"},\"thumbnailUrl\":\"https:\/\/www.geh8.de\/page\/wp-content\/uploads\/2022\/06\/Verstaerker-Titelbild-scaled.jpg\",\"datePublished\":\"2022-06-04T18:21:55+00:00\",\"dateModified\":\"2023-10-20T20:59:39+00:00\",\"breadcrumb\":{\"@id\":\"https:\/\/www.geh8.de\/en\/4-verstaerker-kunst-film-festival-teilnehmer-innen\/#breadcrumb\"},\"inLanguage\":\"en-GB\",\"potentialAction\":[{\"@type\":\"ReadAction\",\"target\":[\"https:\/\/www.geh8.de\/en\/4-verstaerker-kunst-film-festival-teilnehmer-innen\/\"]}]},{\"@type\":\"ImageObject\",\"inLanguage\":\"en-GB\",\"@id\":\"https:\/\/www.geh8.de\/en\/4-verstaerker-kunst-film-festival-teilnehmer-innen\/#primaryimage\",\"url\":\"https:\/\/www.geh8.de\/page\/wp-content\/uploads\/2022\/06\/Verstaerker-Titelbild-scaled.jpg\",\"contentUrl\":\"https:\/\/www.geh8.de\/page\/wp-content\/uploads\/2022\/06\/Verstaerker-Titelbild-scaled.jpg\",\"width\":2560,\"height\":1756},{\"@type\":\"BreadcrumbList\",\"@id\":\"https:\/\/www.geh8.de\/en\/4-verstaerker-kunst-film-festival-teilnehmer-innen\/#breadcrumb\",\"itemListElement\":[{\"@type\":\"ListItem\",\"position\":1,\"name\":\"Startseite\",\"item\":\"https:\/\/www.geh8.de\/\"},{\"@type\":\"ListItem\",\"position\":2,\"name\":\"4th Verst\u00e4rker Art-Film-Festival: participating entries\"}]},{\"@type\":\"WebSite\",\"@id\":\"https:\/\/www.geh8.de\/#website\",\"url\":\"https:\/\/www.geh8.de\/\",\"name\":\"GEH8 Kunst Raum Ateliers gUG | Dresden\",\"description\":\"Geh8 is a non-profit association in Dresden to foster contemporary art\",\"publisher\":{\"@id\":\"https:\/\/www.geh8.de\/#organization\"},\"potentialAction\":[{\"@type\":\"SearchAction\",\"target\":{\"@type\":\"EntryPoint\",\"urlTemplate\":\"https:\/\/www.geh8.de\/?s={search_term_string}\"},\"query-input\":\"required name=search_term_string\"}],\"inLanguage\":\"en-GB\"},{\"@type\":\"Organization\",\"@id\":\"https:\/\/www.geh8.de\/#organization\",\"name\":\"geh8\",\"url\":\"https:\/\/www.geh8.de\/\",\"logo\":{\"@type\":\"ImageObject\",\"inLanguage\":\"en-GB\",\"@id\":\"https:\/\/www.geh8.de\/#\/schema\/logo\/image\/\",\"url\":\"https:\/\/www.geh8.de\/page\/wp-content\/uploads\/2018\/06\/Logo_GEH8_neu_Icon_sbg.png\",\"contentUrl\":\"https:\/\/www.geh8.de\/page\/wp-content\/uploads\/2018\/06\/Logo_GEH8_neu_Icon_sbg.png\",\"width\":164,\"height\":145,\"caption\":\"geh8\"},\"image\":{\"@id\":\"https:\/\/www.geh8.de\/#\/schema\/logo\/image\/\"},\"sameAs\":[\"https:\/\/www.facebook.com\/Geh8Kunstraum\/\",\"https:\/\/www.instagram.com\/geh8kunstraum\/\"]},{\"@type\":\"Person\",\"@id\":\"https:\/\/www.geh8.de\/#\/schema\/person\/4250b9c5c527cedf9dc80637dfcbe537\",\"name\":\"Tiziana Foit\"}]}<\/script>\n<!-- \/ Yoast SEO plugin. -->","yoast_head_json":{"title":"4th Verst\u00e4rker Art-Film-Festival: participating entries - GEH8 Kunst Raum Ateliers gUG | Dresden","robots":{"index":"index","follow":"follow","max-snippet":"max-snippet:-1","max-image-preview":"max-image-preview:large","max-video-preview":"max-video-preview:-1"},"canonical":"https:\/\/www.geh8.de\/en\/4-verstaerker-kunst-film-festival-teilnehmer-innen\/","og_locale":"en_GB","og_type":"article","og_title":"[:en]4th Verst\u00e4rker Art-Film-Festival: participating entries[:de]4. Verst\u00e4rker Kunst-Film-Festival: teilnehmende Beitr\u00e4ge[:] - GEH8 Kunst Raum Ateliers gUG | Dresden","og_description":"From June 17 &#8211; 18, 2022, the GEH8 Art and Culture Center in Dresden will [&hellip;]","og_url":"https:\/\/www.geh8.de\/en\/4-verstaerker-kunst-film-festival-teilnehmer-innen\/","og_site_name":"GEH8 Kunst Raum Ateliers gUG | Dresden","article_publisher":"https:\/\/www.facebook.com\/Geh8Kunstraum\/","article_published_time":"2022-06-04T18:21:55+00:00","article_modified_time":"2023-10-20T20:59:39+00:00","og_image":[{"width":2560,"height":1756,"url":"https:\/\/www.geh8.de\/page\/wp-content\/uploads\/2022\/06\/Verstaerker-Titelbild-scaled.jpg","type":"image\/jpeg"}],"author":"Tiziana Foit","twitter_card":"summary_large_image","twitter_misc":{"Written by":"Tiziana Foit","Estimated reading time":"15 minutes"},"schema":{"@context":"https:\/\/schema.org","@graph":[{"@type":"Article","@id":"https:\/\/www.geh8.de\/en\/4-verstaerker-kunst-film-festival-teilnehmer-innen\/#article","isPartOf":{"@id":"https:\/\/www.geh8.de\/en\/4-verstaerker-kunst-film-festival-teilnehmer-innen\/"},"author":{"name":"Tiziana Foit","@id":"https:\/\/www.geh8.de\/#\/schema\/person\/4250b9c5c527cedf9dc80637dfcbe537"},"headline":"4th Verst\u00e4rker Art-Film-Festival: participating entries","datePublished":"2022-06-04T18:21:55+00:00","dateModified":"2023-10-20T20:59:39+00:00","mainEntityOfPage":{"@id":"https:\/\/www.geh8.de\/en\/4-verstaerker-kunst-film-festival-teilnehmer-innen\/"},"wordCount":3889,"commentCount":0,"publisher":{"@id":"https:\/\/www.geh8.de\/#organization"},"image":{"@id":"https:\/\/www.geh8.de\/en\/4-verstaerker-kunst-film-festival-teilnehmer-innen\/#primaryimage"},"thumbnailUrl":"https:\/\/www.geh8.de\/page\/wp-content\/uploads\/2022\/06\/Verstaerker-Titelbild-scaled.jpg","articleSection":["Festival"],"inLanguage":"en-GB","potentialAction":[{"@type":"CommentAction","name":"Comment","target":["https:\/\/www.geh8.de\/en\/4-verstaerker-kunst-film-festival-teilnehmer-innen\/#respond"]}]},{"@type":"WebPage","@id":"https:\/\/www.geh8.de\/en\/4-verstaerker-kunst-film-festival-teilnehmer-innen\/","url":"https:\/\/www.geh8.de\/en\/4-verstaerker-kunst-film-festival-teilnehmer-innen\/","name":"4th Verst\u00e4rker Art-Film-Festival: participating entries","isPartOf":{"@id":"https:\/\/www.geh8.de\/#website"},"primaryImageOfPage":{"@id":"https:\/\/www.geh8.de\/en\/4-verstaerker-kunst-film-festival-teilnehmer-innen\/#primaryimage"},"image":{"@id":"https:\/\/www.geh8.de\/en\/4-verstaerker-kunst-film-festival-teilnehmer-innen\/#primaryimage"},"thumbnailUrl":"https:\/\/www.geh8.de\/page\/wp-content\/uploads\/2022\/06\/Verstaerker-Titelbild-scaled.jpg","datePublished":"2022-06-04T18:21:55+00:00","dateModified":"2023-10-20T20:59:39+00:00","breadcrumb":{"@id":"https:\/\/www.geh8.de\/en\/4-verstaerker-kunst-film-festival-teilnehmer-innen\/#breadcrumb"},"inLanguage":"en-GB","potentialAction":[{"@type":"ReadAction","target":["https:\/\/www.geh8.de\/en\/4-verstaerker-kunst-film-festival-teilnehmer-innen\/"]}]},{"@type":"ImageObject","inLanguage":"en-GB","@id":"https:\/\/www.geh8.de\/en\/4-verstaerker-kunst-film-festival-teilnehmer-innen\/#primaryimage","url":"https:\/\/www.geh8.de\/page\/wp-content\/uploads\/2022\/06\/Verstaerker-Titelbild-scaled.jpg","contentUrl":"https:\/\/www.geh8.de\/page\/wp-content\/uploads\/2022\/06\/Verstaerker-Titelbild-scaled.jpg","width":2560,"height":1756},{"@type":"BreadcrumbList","@id":"https:\/\/www.geh8.de\/en\/4-verstaerker-kunst-film-festival-teilnehmer-innen\/#breadcrumb","itemListElement":[{"@type":"ListItem","position":1,"name":"Startseite","item":"https:\/\/www.geh8.de\/"},{"@type":"ListItem","position":2,"name":"4th Verst\u00e4rker Art-Film-Festival: participating entries"}]},{"@type":"WebSite","@id":"https:\/\/www.geh8.de\/#website","url":"https:\/\/www.geh8.de\/","name":"GEH8 Kunst Raum Ateliers gUG | Dresden","description":"Geh8 is a non-profit association in Dresden to foster contemporary art","publisher":{"@id":"https:\/\/www.geh8.de\/#organization"},"potentialAction":[{"@type":"SearchAction","target":{"@type":"EntryPoint","urlTemplate":"https:\/\/www.geh8.de\/?s={search_term_string}"},"query-input":"required name=search_term_string"}],"inLanguage":"en-GB"},{"@type":"Organization","@id":"https:\/\/www.geh8.de\/#organization","name":"geh8","url":"https:\/\/www.geh8.de\/","logo":{"@type":"ImageObject","inLanguage":"en-GB","@id":"https:\/\/www.geh8.de\/#\/schema\/logo\/image\/","url":"https:\/\/www.geh8.de\/page\/wp-content\/uploads\/2018\/06\/Logo_GEH8_neu_Icon_sbg.png","contentUrl":"https:\/\/www.geh8.de\/page\/wp-content\/uploads\/2018\/06\/Logo_GEH8_neu_Icon_sbg.png","width":164,"height":145,"caption":"geh8"},"image":{"@id":"https:\/\/www.geh8.de\/#\/schema\/logo\/image\/"},"sameAs":["https:\/\/www.facebook.com\/Geh8Kunstraum\/","https:\/\/www.instagram.com\/geh8kunstraum\/"]},{"@type":"Person","@id":"https:\/\/www.geh8.de\/#\/schema\/person\/4250b9c5c527cedf9dc80637dfcbe537","name":"Tiziana Foit"}]}},"_links":{"self":[{"href":"https:\/\/www.geh8.de\/en\/wp-json\/wp\/v2\/posts\/10475"}],"collection":[{"href":"https:\/\/www.geh8.de\/en\/wp-json\/wp\/v2\/posts"}],"about":[{"href":"https:\/\/www.geh8.de\/en\/wp-json\/wp\/v2\/types\/post"}],"author":[{"embeddable":true,"href":"https:\/\/www.geh8.de\/en\/wp-json\/wp\/v2\/users\/19"}],"replies":[{"embeddable":true,"href":"https:\/\/www.geh8.de\/en\/wp-json\/wp\/v2\/comments?post=10475"}],"version-history":[{"count":0,"href":"https:\/\/www.geh8.de\/en\/wp-json\/wp\/v2\/posts\/10475\/revisions"}],"wp:featuredmedia":[{"embeddable":true,"href":"https:\/\/www.geh8.de\/en\/wp-json\/wp\/v2\/media\/10757"}],"wp:attachment":[{"href":"https:\/\/www.geh8.de\/en\/wp-json\/wp\/v2\/media?parent=10475"}],"wp:term":[{"taxonomy":"category","embeddable":true,"href":"https:\/\/www.geh8.de\/en\/wp-json\/wp\/v2\/categories?post=10475"},{"taxonomy":"post_tag","embeddable":true,"href":"https:\/\/www.geh8.de\/en\/wp-json\/wp\/v2\/tags?post=10475"},{"taxonomy":"format","embeddable":true,"href":"https:\/\/www.geh8.de\/en\/wp-json\/wp\/v2\/format?post=10475"}],"curies":[{"name":"wp","href":"https:\/\/api.w.org\/{rel}","templated":true}]}}